[{"Descricao":"TERMO DE REALIZA\u00c7\u00c3O DE EST\u00c1GIO - ANTONIO GABRIEL ALBUQUERQUE NASCIMENTO","Data de Publicacao":"08\/08\/2025","Data de Inicio":"11\/08\/2025","Data de Fim":"27\/11\/2025"},{"Descricao":"TERMO DE REALIZA\u00c7\u00c3O DE EST\u00c1GIO - ANTONIO CARLOS DE ANDRADE","Data de Publicacao":"08\/08\/2025","Data de Inicio":"11\/08\/2025","Data de Fim":"27\/11\/2025"}]