[{"N\u00famero":"2022.11.30.01TP","Modalidade":"Tomada de Pre\u00e7os","Objeto":"Contrata\u00e7\u00e3o dos servi\u00e7os especializados de assessoria e consultoria na \u00e1rea de controle externo, levantamento de informa\u00e7\u00f5es para instrumentaliza\u00e7\u00e3o do poder legislativo acerca da fiscaliza\u00e7\u00e3o e do controle das aplica\u00e7\u00f5es dos recursos p\u00fablicos do fundo geral, unidades gestoras e \u00f3rg\u00e3os vinculados ao poder executivo municipal de Santana do Acara\u00fa\/CE.","Data":"26\/12\/2022","Valor Estimado":"-","Situa\u00e7\u00e3o":"Fechada","\u00d3rg\u00e3o":"-","Publica\u00e7\u00e3o":"08\/12\/2022"},{"N\u00famero":"2022.12.01.01TP","Modalidade":"Tomada de Pre\u00e7os","Objeto":"Contrata\u00e7\u00e3o de empresa especializada nos servi\u00e7os t\u00e9cnicos de expurgo, limpeza, recupera\u00e7\u00e3o e organiza\u00e7\u00e3o de todo acervo documental da C\u00e2mara Municipal de Santana do Acara\u00fa\/CE, que se encontram no arquivo p\u00fablico, modernizando as a\u00e7\u00f5es e os processos de trabalho desenvolvidos pelo legislativo de modo a implementar eficiente e eficaz gest\u00e3o de arquivos, documentos e informa\u00e7\u00e3o por meio de modernas t\u00e9cnicas de armazenamento em caixas pl\u00e1sticas, com cria\u00e7\u00e3o de \u00edndice de pesquisa.","Data":"26\/12\/2022","Valor Estimado":"-","Situa\u00e7\u00e3o":"Fechada","\u00d3rg\u00e3o":"-","Publica\u00e7\u00e3o":"08\/12\/2022"},{"N\u00famero":"2021.07.12.01TP","Modalidade":"Tomada de Pre\u00e7os","Objeto":"Contrata\u00e7\u00e3o de servi\u00e7os especializados no acompanhamento das atividades administrativas e, especificamente, nas quest\u00f5es financeiras do Legislativo Municipal, compreendendo procedimentos de Tesouraria, planejamento financeiro e respectivo fluxo de pagamento, bem como, acompanhamento da aplica\u00e7\u00e3o dos recursos \u00e0 luz da legisla\u00e7\u00e3o pertinente (Lei Complementar N\u00ba 101\/2000, ou seja, monitoramento dos gastos com pessoal (70%) e demais despesas administrativas (30%), quanto \u00e0s a\u00e7oes de Planejamento e Gest\u00e3o, junto \u00e0 C\u00e2mara Municipal de Santana do Acara\u00fa-Ce.","Data":"30\/07\/2021","Valor Estimado":"-","Situa\u00e7\u00e3o":"Fechada","\u00d3rg\u00e3o":"-","Publica\u00e7\u00e3o":"17\/07\/2021"},{"N\u00famero":"2021.02.18.01TP","Modalidade":"Tomada de Pre\u00e7os","Objeto":"LICITA\u00c7\u00c3O DO TIPO MENOR PRE\u00c7O GLOBAL PARA A CONTRATA\u00c7\u00c3O DE EMPRESA PARA PRESTA\u00c7\u00c3O DE SERVI\u00c7OS EM ASSESSORIA T\u00c9CNICA ADMINISTRATIVA NO SETOR DE RECURSOS HUMANOS, FOLHA DE PAGAMENTO E ELABORA\u00c7\u00c3O DE DIRF, RAIS, GFIP E DCTF A FIM DE ATENDER AS NECESSIDADES DA C\u00c2MARA MUNICIPAL DE SANTANA DO ACARA\u00da-CE.","Data":"26\/03\/2021","Valor Estimado":"-","Situa\u00e7\u00e3o":"Fechada","\u00d3rg\u00e3o":"-","Publica\u00e7\u00e3o":"09\/03\/2021"},{"N\u00famero":"2021.02.19.01TP","Modalidade":"Tomada de Pre\u00e7os","Objeto":"CONTRATA\u00c7\u00c3O DE EMPRESA PARA PRESTA\u00c7\u00c3O DE SERVI\u00c7OS T\u00c9CNICOS ESPECIALIZADOS NA ORIENTA\u00c7\u00c3O E ACOMPANHAMENTO AO SETOR DE CONTROLE INTERNO JUNTO \u00c0 C\u00c2MARA MUNICIPAL DE SANTANA DO ACARA\u00da-CE.","Data":"26\/03\/2021","Valor Estimado":"-","Situa\u00e7\u00e3o":"Fechada","\u00d3rg\u00e3o":"-","Publica\u00e7\u00e3o":"09\/03\/2021"},{"N\u00famero":"12.06.1.19-CMSA","Modalidade":"Tomada de Pre\u00e7os","Objeto":"CONTRATA\u00c7\u00c3O DE EMPRESA ESPECIALIZADA PARA OS SERVI\u00c7OS DE ASSESSORIA E CONSULTORIA EM MARKETING, RELA\u00c7\u00d5ES P\u00daBLICAS, COMUNICA\u00c7\u00c3O SOCIAL E ASSESSORIA DE IMPRENSA JUNTO A C\u00c2MARA MUNICIPAL DE SANTANA DO ACARA\u00da, CONFORME TERMO DE REFERENCIA, ANEXO I DO EDITAL.","Data":"26\/12\/2019","Valor Estimado":"-","Situa\u00e7\u00e3o":"Fechada","\u00d3rg\u00e3o":"-","Publica\u00e7\u00e3o":"09\/12\/2019"},{"N\u00famero":"20190506001CMSA","Modalidade":"Tomada de Pre\u00e7os","Objeto":"CONTRATA\u00c7\u00c3O DE EMPRESA ESPECIALIZADA EM SERVI\u00c7OS DE ENGENHARIA CIVIL, PARA EXECUTAR OS SERVI\u00c7OS DE READEQUA\u00c7\u00c3O DO ESPA\u00c7O ADMINISTRATIVO DA C\u00c2MARA MUNICIPAL DE SANTANA DO ACARA\u00da, COM CONSTRU\u00c7\u00c3O DE 02(DOIS) BANHEIROS ATENDENDO NBR 9050 E REFORMULA\u00c7\u00c3O DOS LAYOUT DAS SALAS ADMINISTRATIVAS, EM CONFORMIDADE COM AS ESPECIFICA\u00c7\u00d5ES NO EDITAL E ANEXOS.","Data":"23\/05\/2019","Valor Estimado":"-","Situa\u00e7\u00e3o":"Fechada","\u00d3rg\u00e3o":"-","Publica\u00e7\u00e3o":"07\/05\/2019"},{"N\u00famero":"2019.04.05.001","Modalidade":"Tomada de Pre\u00e7os","Objeto":"PRESTA\u00c7\u00c3O DE SERVI\u00c7OS DE APOIO T\u00c9CNICO NA ELABORA\u00c7\u00c3O E ADEQUA\u00c7\u00c3O DE PARECERES DE PROJETOS DE LEIS, RESOLU\u00c7\u00d5ES, PORTARIAS E DEMAIS MAT\u00c9RIAS RELACIONADAS AO REGIMENTO INTERNO DO LEGISLATIVO MUNICIPAL. DE SANTANA DO ACARA\u00da. ASSESSORAR A PRESID\u00caNCIA DA C\u00c2MARA MUNICIPAL NA NORMATIZA\u00c7\u00c3O PARTICIPATIVA DO SERVIDOR PROMOVIDA PELO LEGISLATIVO MUNICIPAL. ASSESSORAR NA PROPOSI\u00c7\u00c3O E ELABORA\u00c7\u00c3O DE ATOS, NORMAS E REGULAMENTOS DE INTERESSE OU NECESS\u00c1RIOS \u00c0 ADMINISTRA\u00c7\u00c3O DOS SERVI\u00c7OS DA C\u00c2MARA MUNICIPAL. ACOMPANHAMENTO DE PROCESSOS EM CORTES DE CONTAS E NO TRIBUNAL DE CONTAS DO ESTADO \u2013 TCE E PRESTA\u00c7\u00c3O DE SERVI\u00c7OS ADVOCAT\u00cdCIOS EM PROCESSOS JUDICIAIS QUE ENVOLVAM O PODER LEGISLATIVO MUNICIPAL RELACIONADO A REQUISI\u00c7\u00d5ES E\/OU PROCEDIMENTOS JUNTO AO MINIST\u00c9RIO P\u00daBLICO ESTADUAL E\/OU FEDERAL, CONFORME TERMO DE REFER\u00caNCIA. ANEXO I.","Data":"29\/04\/2019","Valor Estimado":"-","Situa\u00e7\u00e3o":"Fechada","\u00d3rg\u00e3o":"-","Publica\u00e7\u00e3o":"12\/04\/2019"},{"N\u00famero":"01.24.1.17-CMSA","Modalidade":"Tomada de Pre\u00e7os","Objeto":"CONTRATA\u00c7\u00c3O DE EMPRESAS PARA REALIZAR OS SERVI\u00c7OS DE ASSESSORIAS E CONSULTORIAS T\u00c9CNICAS JUNTO A C\u00c2MARA MUNICIPAL DE SANTA DO ACARA\u00da, CONFORME TERMO DE REFER\u00caNCIA.","Data":"10\/02\/2017","Valor Estimado":"-","Situa\u00e7\u00e3o":"Fechada","\u00d3rg\u00e3o":"-","Publica\u00e7\u00e3o":"25\/01\/2017"},{"N\u00famero":"01.24.2.17-CMSA","Modalidade":"Tomada de Pre\u00e7os","Objeto":"SELE\u00c7\u00c3O DE PROPOSTA MAIS VANTAJOSA PARA SERVI\u00c7OS DE FORNECIMENTO DE SOFTWARE PARA CONTABILIDADE, LICITA\u00c7\u00c3O, ALMOXARIFADO, PATRIM\u00d4NIO E PUBLICA\u00c7\u00c3O DE DADOS, COMO TAMB\u00c9M LOCA\u00c7\u00c3O DE SISTEMA DE GERENCIAMENTO E CONTROLE DE SITE, E CONTRATA\u00c7\u00c3O DOS SERVI\u00c7OS DE TRATAMENTO DE DADOS E GERENCIAMENTO EM SISTEMA PR\u00d3PRIO DE AUTOMA\u00c7\u00c3O DE DOCUMENTOS CONTABEIS, LICITATORIOS E DEMAIS. JUNTO A C\u00c2MARA MUNICIPAL DE SANTANA DO ACARA\u00da, CONFORME TERMO DE REFER\u00caNCIA.","Data":"10\/02\/2017","Valor Estimado":"-","Situa\u00e7\u00e3o":"Fechada","\u00d3rg\u00e3o":"-","Publica\u00e7\u00e3o":"25\/01\/2017"},{"N\u00famero":"1003.01\/2015","Modalidade":"Tomada de Pre\u00e7os","Objeto":"CONTRATA\u00c7\u00c3O DE SERVI\u00c7OS DE LOCA\u00c7\u00c3O DE VE\u00cdCULOS PARA A COLETA E TRANSPORTE DOS RES\u00cdDUOS DA SA\u00daDE E DOM\u00c9STICOS DO MUNICIPIO DE SANTANA DO ACARA\u00da-CE","Data":"06\/04\/2015","Valor Estimado":"-","Situa\u00e7\u00e3o":"Fechada","\u00d3rg\u00e3o":"-","Publica\u00e7\u00e3o":"20\/03\/2015"}]