[{"N\u00famero":"2506.001.2025","Modalidade":"Dispensa Lei 14133","Objeto":"Contrata\u00e7\u00e3o de Servi\u00e7os de Loca\u00e7\u00e3o de sistema Gerenciamento e elabora\u00e7\u00e3o do fluxo de contrata\u00e7\u00f5es, incluindo ferramenta de busca de pre\u00e7os com integra\u00e7\u00e3o ao PNCP, envio de PCA na C\u00e2mara Municipal de Santana do Acara\u00fa - CE.","Data":"30\/06\/2025","Valor Estimado":"-","Situa\u00e7\u00e3o":"Fechada","\u00d3rg\u00e3o":"C\u00e2mara Municipal de Santana do Acara\u00fa","Publica\u00e7\u00e3o":"25\/06\/2025"},{"N\u00famero":"1203.002.25","Modalidade":"Dispensa Lei 14133","Objeto":"CONTRATA\u00c7\u00c3O DOS SERVI\u00c7OS DE ASSESSORIA T\u00c9CNICA PARA AUXILIAR A COMISS\u00c3O ESPECIAL DE REVIS\u00c3O DA LEI ORG\u00c2NICA, NO QUE TANGE \u00c0 REALIZA\u00c7\u00c3O DE AUDI\u00caNCIAS P\u00daBLICAS E CONFEC\u00c7\u00c3O DA MINUTA DE REVIS\u00c3O DA LEI ORG\u00c2NICA DO MUNIC\u00cdPIO DE SANTANA DO ACARA\u00da\/CE.","Data":"04\/06\/2025","Valor Estimado":"R$ 61.967,00","Situa\u00e7\u00e3o":"Fechada","\u00d3rg\u00e3o":"C\u00e2mara Municipal de Santana do Acara\u00fa","Publica\u00e7\u00e3o":"30\/05\/2025"},{"N\u00famero":"0605.001\/2025","Modalidade":"Dispensa Lei 14133","Objeto":"CONTRATA\u00c7\u00c3O DE EMPRESA ESPECIALIZADA NA PRESTA\u00c7\u00c3O DE SERVI\u00c7OS DE INSTALA\u00c7\u00c3O E MANUTEN\u00c7\u00c3O PREVENTIVA\/CORRETIVA EM CONDICIONADORES DE AR, TIPO SPLITS, INSTALADOS NO PR\u00c9DIO DA C\u00c2MARA MUNICIPAL DE SANTANA DO ACARA\u00da, COM FORNECIMENTO DE REPOSI\u00c7\u00c3O DE PE\u00c7AS, ACESS\u00d3RIOS, M\u00c3O DE OBRA, FERRAMENTAS, EQUIPAMENTOS E MATERIAIS DE CONSUMO, NECESS\u00c1RIOS PARA A EXECU\u00c7\u00c3O DOS SERVI\u00c7OS, A FIM DE PROPORCIONAR O FUNCIONAMENTO EFICIENTE, SEGURO E ECON\u00d4MICO DOS EQUIPAMENTOS, CONFORME TERMO DE REFER\u00caNCIA.","Data":"09\/05\/2025","Valor Estimado":"-","Situa\u00e7\u00e3o":"Anulada","\u00d3rg\u00e3o":"C\u00e2mara Municipal de Santana do Acara\u00fa","Publica\u00e7\u00e3o":"06\/05\/2025"},{"N\u00famero":"2204.002.2025","Modalidade":"Dispensa Lei 14133","Objeto":"CONTRATA\u00c7\u00c3O DE EMPRESA ESPECIALIZADA E TECNICAMENTE APTA \u00c0 PRESTA\u00c7\u00c3O DE SERVI\u00c7OS DE ASSESSORIA E SUPORTE T\u00c9CNICO-OPERACIONAL AO SETOR DE SERVI\u00c7OS DE INFORM\u00c1TICA E GERENCIAMENTO DE SISTEMAS DA C\u00c2MARA MUNICIPAL DE SANTANA DO ACARA\u00da\/CE, ABRANGENDO ATIVIDADES VOLTADAS \u00c0 ADMINISTRA\u00c7\u00c3O E MANUTEN\u00c7\u00c3O DE SISTEMAS INFORMATIZADOS, INFRAESTRUTURA TECNOL\u00d3GICA, REDES, SERVIDORES, SEGURAN\u00c7A DA INFORMA\u00c7\u00c3O, APOIO T\u00c9CNICO \u00c0 GEST\u00c3O DE DADOS E SISTEMAS INSTITUCIONAIS, BEM COMO \u00c0 IMPLANTA\u00c7\u00c3O DE MELHORIAS E INOVA\u00c7\u00c3O TECNOL\u00d3GICA NO \u00c2MBITO DO PODER LEGISLATIVO MUNICIPAL","Data":"28\/04\/2025","Valor Estimado":"-","Situa\u00e7\u00e3o":"Fechada","\u00d3rg\u00e3o":"-","Publica\u00e7\u00e3o":"23\/04\/2025"},{"N\u00famero":"2204.001.2025","Modalidade":"Dispensa Lei 14133","Objeto":"PRESTA\u00c7\u00c3O DE SERVI\u00c7OS ESPECIALIZADOS EM ASSESSORIA T\u00c9CNICA LEGISLATIVA E ACOMPANHAMENTO GERENCIAL DAS A\u00c7\u00d5ES DE GEST\u00c3O E CONTROLE, EM APOIO \u00c0 MESA DIRETORA DA C\u00c2MARA MUNICIPAL DE SANTANA DO ACARA\u00da\/CE, CONFORME TERMO DE REFER\u00caNCIA.","Data":"28\/04\/2025","Valor Estimado":"-","Situa\u00e7\u00e3o":"Fechada","\u00d3rg\u00e3o":"-","Publica\u00e7\u00e3o":"23\/04\/2025"},{"N\u00famero":"2603.002\/2025","Modalidade":"Dispensa Lei 14133","Objeto":"PRESTA\u00c7\u00c3O DE SERVI\u00c7OS ESPECIALIZADOS EM ASSESSORIA T\u00c9CNICA LEGISLATIVA E ACOMPANHAMENTO GERENCIAL DAS A\u00c7\u00d5ES DE GEST\u00c3O E CONTROLE, EM APOIO \u00c0 MESA DIRETORA DA C\u00c2MARA MUNICIPAL DE SANTANA DO ACARA\u00da\/CE, CONFORME TERMO DE REFER\u00caNCIA","Data":"31\/03\/2025","Valor Estimado":"-","Situa\u00e7\u00e3o":"Fracassada","\u00d3rg\u00e3o":"-","Publica\u00e7\u00e3o":"26\/03\/2025"},{"N\u00famero":"0603.003.2025","Modalidade":"Dispensa Lei 14133","Objeto":"CONTRATA\u00c7\u00c3O DE ASSESSORIA E CONSULTORIA T\u00c9CNICA JUR\u00cdDICA ESPECIALIZADA EM DIREITO DIGITAL, GOVERNAN\u00c7A, GEST\u00c3O, MONITORAMENTO, PROTE\u00c7\u00c3O DE DADOS E APOIO AO ENCARREGADO, COM FOCO NA LEI FEDERAL N\u00ba 13.709 DE 2018, LEI GERAL DE PROTE\u00c7\u00c3O DE DADOS, JUNTO A C\u00c2MARA MUNICIPAL DE SANTANA DO ACARA\u00da\/CE., CONFORME TERMO DE REFER\u00caNCIA","Data":"12\/03\/2025","Valor Estimado":"R$ 57.000,00","Situa\u00e7\u00e3o":"Fechada","\u00d3rg\u00e3o":"C\u00e2mara Municipal de Santana do Acara\u00fa","Publica\u00e7\u00e3o":"07\/03\/2025"},{"N\u00famero":"0603.002.2025","Modalidade":"Dispensa Lei 14133","Objeto":"CONTRATA\u00c7\u00c3O DE EMPRESA PARA PRESTA\u00c7\u00c3O DE SERVI\u00c7OS T\u00c9CNICOS NA COLETA DE DADOS, DIGITA\u00c7\u00c3O, ACOMPANHAMENTO E TRANSMISS\u00c3O DE INFORMA\u00c7\u00d5ES JUNTO AO SICONFI, MANTENDO A REGULARIDADE DO PODER LEGISLATIVO JUNTO AO SITE AUXILIAR DE INFORMA\u00c7\u00d5ES PARA TRANSFER\u00caNCIA VOLUNT\u00c1RIAS \u2013 CAUC E ACOMPANHAMENTO MENSAL DA GEST\u00c3O FISCAL DO LEGISLATIVO MUNICIPAL DE SANTANA DO ACARA\u00da, CONFORME TERMO DE REFER\u00caNCIA","Data":"11\/03\/2025","Valor Estimado":"-","Situa\u00e7\u00e3o":"Anulada","\u00d3rg\u00e3o":"C\u00e2mara Municipal de Santana do Acara\u00fa","Publica\u00e7\u00e3o":"06\/03\/2025"},{"N\u00famero":"3101.003.2025","Modalidade":"Dispensa Lei 14133","Objeto":"Contrata\u00e7\u00e3o de empresa especializada na presta\u00e7\u00e3o de servi\u00e7os de tradu\u00e7\u00e3o e interpreta\u00e7\u00e3o simult\u00e2nea da L\u00edngua Portuguesa para a L\u00edngua Brasileira de Sinais (LIBRAS) e vice-versa, para atender \u00e0s necessidades da C\u00e2mara Municipal de Santana do Acara\u00fa\/CE.","Data":"10\/02\/2025","Valor Estimado":"R$ 54.000,00","Situa\u00e7\u00e3o":"Fechada","\u00d3rg\u00e3o":"C\u00e2mara Municipal de Santana do Acara\u00fa","Publica\u00e7\u00e3o":"05\/02\/2025"},{"N\u00famero":"3101.002\/2025","Modalidade":"Dispensa Lei 14133","Objeto":"PRESTA\u00c7\u00c3O DE SERVI\u00c7OS DE TRANSMISS\u00c3O DIGITAL DAS SESS\u00d5ES ORDIN\u00c1RIAS, EXTRAORDINARIAS E SOLENES AO VIVO, EM TVS DO PLEN\u00c1RIO, REDES SOCIAIS E P\u00c1GINAS OFICIAIS DA C\u00c2MARA MUNICIPAL DE SANTANA DO ACARA\u00da-CE.","Data":"07\/02\/2025","Valor Estimado":"-","Situa\u00e7\u00e3o":"Fechada","\u00d3rg\u00e3o":"-","Publica\u00e7\u00e3o":"04\/02\/2025"},{"N\u00famero":"2101.001.2025","Modalidade":"Dispensa Lei 14133","Objeto":"CONTRATA\u00c7\u00c3O DE EMPRESAPARAPRESTA\u00c7\u00c3O DOS SERVI\u00c7OS DE ASSESSORIA ADMINISTRATIVA, NA \u00c1REA DE LICITA\u00c7\u00d5ES E CONTRATOS P\u00daBLICOS (FASE DE PLANEJAMENTO DA CONTRATA\u00c7\u00c3O E SELE\u00c7\u00c3O DO FORNECEDOR), DESTINADOS A ATENDER AS NECESSIDADES DA C\u00c2MARA MUNICIPAL DE SANTANA DO ACARA\u00da\/CE, CONFORME OS INSTRUMENTOS DE PLANEJAMENTOS DA CONTRATA\u00c7\u00c3O, CONFORME TERMO DE REFER\u00caNCIA.","Data":"27\/01\/2025","Valor Estimado":"R$ 60.500,00","Situa\u00e7\u00e3o":"Fechada","\u00d3rg\u00e3o":"C\u00e2mara Municipal de Santana do Acara\u00fa","Publica\u00e7\u00e3o":"21\/01\/2025"},{"N\u00famero":"3101.002.2025","Modalidade":"Dispensa Lei 14133","Objeto":"Contrata\u00e7\u00e3o de empresa especializada para digitaliza\u00e7\u00e3o do acervo processual f\u00edsico e em tr\u00e2mite, com fornecimento de m\u00e3o de obra, equipamentos e suporte completo para execu\u00e7\u00e3o dos servi\u00e7os da C\u00e2mara Municipal.","Data":"27\/01\/2025","Valor Estimado":"R$ 58.440,00","Situa\u00e7\u00e3o":"Revogada","\u00d3rg\u00e3o":"C\u00e2mara Municipal de Santana do Acara\u00fa","Publica\u00e7\u00e3o":"22\/01\/2025"},{"N\u00famero":"31.01.004.2025","Modalidade":"Dispensa Lei 14133","Objeto":"Contrata\u00e7\u00e3o de empresa especializada para presta\u00e7\u00e3o de servi\u00e7os de consultoria e assessoramento t\u00e9cnico na \u00e1rea de gest\u00e3o, acompanhamento e fiscaliza\u00e7\u00e3o de contratos administrativos, incluindo suporte t\u00e9cnico-operacional, an\u00e1lise de conformidade, execu\u00e7\u00e3o e controle de atividades relacionadas \u00e0 gest\u00e3o contratual e demais \u00e1reas de interesse da C\u00e2mara Municipal de Santana do Acara\u00fa\/CE,","Data":"11\/01\/2025","Valor Estimado":"-","Situa\u00e7\u00e3o":"Fechada","\u00d3rg\u00e3o":"C\u00e2mara Municipal de Santana do Acara\u00fa","Publica\u00e7\u00e3o":"08\/01\/2025"}]