[{"N\u00famero":"0104.001\/2026","Modalidade":"Dispensa","Objeto":"PRESTA\u00c7\u00c3O DE SERVI\u00c7OS DE ASSESSORIA ADMINISTRATIVA IN LOCO, ABRANGENDO AS \u00c1REAS DE ALMOXARIFADO, GEST\u00c3O DE FROTA E CONTROLE PATRIMONIAL, COMPREENDENDO A AN\u00c1LISE E VERIFICA\u00c7\u00c3O DOS PROCEDIMENTOS ADOTADOS, BEM COMO O ACOMPANHAMENTO, ORIENTA\u00c7\u00c3O E PADRONIZA\u00c7\u00c3O DAS ROTINAS ADMINISTRATIVAS RELACIONADAS \u00c0 GEST\u00c3O DE ESTOQUES, VE\u00cdCULOS E BENS PATRIMONIAIS, JUNTO \u00c0 C\u00c2MARA MUNICIPAL DE SANTANA DO ACARA\u00da\/CE.","Data":"10\/04\/2026","Valor Estimado":"R$ 63.800,00","Situa\u00e7\u00e3o":"Aberta","\u00d3rg\u00e3o":"C\u00e2mara Municipal de Santana do Acara\u00fa","Publica\u00e7\u00e3o":"07\/04\/2026"},{"N\u00famero":"2601.001\/2026","Modalidade":"Dispensa","Objeto":"CONTRATA\u00c7\u00c3O DE EMPRESA PARA PRESTA\u00c7\u00c3O DE SERVI\u00c7OS T\u00c9CNICOS DE ASSESSORIA E CONSULTORIA EM TRANSPAR\u00caNCIA P\u00daBLICA, INCLUINDO O MONITORAMENTO E ACOMPANHAMENTO DO SISTEMA DE TRANSPAR\u00caNCIA P\u00daBLICA, NO \u00c2MBITO DA C\u00c2MARA MUNICIPAL DE SANTANA DO ACARA\u00da\/CE.","Data":"03\/02\/2026","Valor Estimado":"R$ 64.002,00","Situa\u00e7\u00e3o":"Fechada","\u00d3rg\u00e3o":"C\u00e2mara Municipal de Santana do Acara\u00fa","Publica\u00e7\u00e3o":"29\/01\/2026"},{"N\u00famero":"2001.001\/2026","Modalidade":"Dispensa","Objeto":"PRESTA\u00c7\u00c3O DE SERVI\u00c7OS ESPECIALIZADOS EM ASSESSORIA T\u00c9CNICA LEGISLATIVA E ACOMPANHAMENTO GERENCIAL DAS A\u00c7\u00d5ES DE GEST\u00c3O E CONTROLE, EM APOIO \u00c0 MESA DIRETORA DA C\u00c2MARA MUNICIPAL DE SANTANA DO ACARA\u00da\/CE, CONFORME TERMO DE REFER\u00caNCIA.","Data":"30\/01\/2026","Valor Estimado":"R$ 62.640,00","Situa\u00e7\u00e3o":"Fechada","\u00d3rg\u00e3o":"C\u00e2mara Municipal de Santana do Acara\u00fa","Publica\u00e7\u00e3o":"27\/01\/2026"},{"N\u00famero":"2508.01\/25-PE","Modalidade":"Preg\u00e3o","Objeto":"PRESTA\u00c7\u00c3O DE SERVI\u00c7OS DE TRANSMISS\u00c3O DIGITAL DAS SESS\u00d5ES ORDIN\u00c1RIAS, EXTRAORDINARIAS, SOLENES E AUDI\u00caNCIAS P\u00daBLICAS AO VIVO, EM TVS DO PLEN\u00c1RIO, REDES SOCIAIS E P\u00c1GINAS OFICIAIS E PRESTA\u00c7\u00c3O DE SERVI\u00c7OS DE TRADU\u00c7\u00c3O E INTERPRETA\u00c7\u00c3O SIMULT\u00c2NEA DA L\u00cdNGUA PORTUGUESA PARA A L\u00cdNGUA BRASILEIRA DE SINAIS (LIBRAS) E VICE-VERSA, PARA ATENDER \u00c0S SESS\u00d5ES ORDIN\u00c1RIAS, EXTRAORDIN\u00c1RIAS, SOLENES E AUDI\u00caNCIAS P\u00daBLICAS DA C\u00c2MARA MUNICIPAL DE SANTANA DO ACARA\u00da\/CE.","Data":"09\/09\/2025","Valor Estimado":"R$ 180.000,00","Situa\u00e7\u00e3o":"Fechada","\u00d3rg\u00e3o":"C\u00e2mara Municipal de Santana do Acara\u00fa","Publica\u00e7\u00e3o":"25\/08\/2025"},{"N\u00famero":"2506.001.2025","Modalidade":"Dispensa Lei 14133","Objeto":"Contrata\u00e7\u00e3o de Servi\u00e7os de Loca\u00e7\u00e3o de sistema Gerenciamento e elabora\u00e7\u00e3o do fluxo de contrata\u00e7\u00f5es, incluindo ferramenta de busca de pre\u00e7os com integra\u00e7\u00e3o ao PNCP, envio de PCA na C\u00e2mara Municipal de Santana do Acara\u00fa - CE.","Data":"30\/06\/2025","Valor Estimado":"-","Situa\u00e7\u00e3o":"Fechada","\u00d3rg\u00e3o":"C\u00e2mara Municipal de Santana do Acara\u00fa","Publica\u00e7\u00e3o":"25\/06\/2025"},{"N\u00famero":"30.05.001-25","Modalidade":"Dispensa","Objeto":"CONTRATA\u00c7\u00c3O DOS SERVI\u00c7OS DE ASSESSORIA T\u00c9CNICA PARA AUXILIAR A COMISS\u00c3O ESPECIAL DE REVIS\u00c3O DA LEI ORG\u00c2NICA, NO QUE TANGE \u00c0 REALIZA\u00c7\u00c3O DE AUDI\u00caNCIAS P\u00daBLICAS E CONFEC\u00c7\u00c3O DA MINUTA DE REVIS\u00c3O DA LEI ORG\u00c2NICA DO MUNIC\u00cdPIO DE SANTANA DO ACARA\u00da\/CE.","Data":"04\/06\/2025","Valor Estimado":"-","Situa\u00e7\u00e3o":"Fechada","\u00d3rg\u00e3o":"C\u00e2mara Municipal de Santana do Acara\u00fa","Publica\u00e7\u00e3o":"30\/05\/2025"},{"N\u00famero":"1203.002.25","Modalidade":"Dispensa Lei 14133","Objeto":"CONTRATA\u00c7\u00c3O DOS SERVI\u00c7OS DE ASSESSORIA T\u00c9CNICA PARA AUXILIAR A COMISS\u00c3O ESPECIAL DE REVIS\u00c3O DA LEI ORG\u00c2NICA, NO QUE TANGE \u00c0 REALIZA\u00c7\u00c3O DE AUDI\u00caNCIAS P\u00daBLICAS E CONFEC\u00c7\u00c3O DA MINUTA DE REVIS\u00c3O DA LEI ORG\u00c2NICA DO MUNIC\u00cdPIO DE SANTANA DO ACARA\u00da\/CE.","Data":"04\/06\/2025","Valor Estimado":"R$ 61.967,00","Situa\u00e7\u00e3o":"Fechada","\u00d3rg\u00e3o":"C\u00e2mara Municipal de Santana do Acara\u00fa","Publica\u00e7\u00e3o":"30\/05\/2025"},{"N\u00famero":"3005.001.2025","Modalidade":"Inexigibilidade","Objeto":"CONTRATA\u00c7\u00c3O DE EMPRESA ESPECIALIZADA PARA A PRESTA\u00c7\u00c3O DE SERVI\u00c7OS DE CONSULTORIA JUR\u00cdDICA, EM CAR\u00c1TER COMPLEMENTAR, DESTINADA A APOIAR A MANUTEN\u00c7\u00c3O, O FORTALECIMENTO E O PLENO FUNCIONAMENTO DAS ATIVIDADES DA PROCURADORIA DA MULHER DA C\u00c2MARA MUNICIPAL DE SANTANA DO ACARA\u00da\/CE","Data":"02\/06\/2025","Valor Estimado":"R$ 60.000,00","Situa\u00e7\u00e3o":"Fechada","\u00d3rg\u00e3o":"C\u00e2mara Municipal de Santana do Acara\u00fa","Publica\u00e7\u00e3o":"02\/06\/2025"},{"N\u00famero":"090501.2025","Modalidade":"Preg\u00e3o","Objeto":"SERVI\u00c7OS ESPECIALIZADOS NA \u00c1REA DE TECNOLOGIA DA INFORMA\u00c7\u00c3O PARA FORNECIMENTO DE SERVI\u00c7OS DE SOLU\u00c7\u00c3O TECNOL\u00d3GICA DE ACESSO REMOTO PARA GEST\u00c3O DE NEG\u00d3CIOS NA MODALIDADE SAAS - SOFTWARE COMO SERVI\u00c7O, SOLU\u00c7\u00c3O INTEGRADA COM M\u00d3DULOS\/ CONT\u00c1BIL, PATRIMONIAL, ALMOXARIFADO, OR\u00c7AMENTO, PARA ATENDER AS NECESSIDADES DO PODER LEGISLATIVO DE SANTANA DO ACARA\u00da.","Data":"26\/05\/2025","Valor Estimado":"R$ 56.800,00","Situa\u00e7\u00e3o":"Fechada","\u00d3rg\u00e3o":"C\u00e2mara Municipal de Santana do Acara\u00fa","Publica\u00e7\u00e3o":"12\/05\/2025"},{"N\u00famero":"0605.001\/2025","Modalidade":"Dispensa Lei 14133","Objeto":"CONTRATA\u00c7\u00c3O DE EMPRESA ESPECIALIZADA NA PRESTA\u00c7\u00c3O DE SERVI\u00c7OS DE INSTALA\u00c7\u00c3O E MANUTEN\u00c7\u00c3O PREVENTIVA\/CORRETIVA EM CONDICIONADORES DE AR, TIPO SPLITS, INSTALADOS NO PR\u00c9DIO DA C\u00c2MARA MUNICIPAL DE SANTANA DO ACARA\u00da, COM FORNECIMENTO DE REPOSI\u00c7\u00c3O DE PE\u00c7AS, ACESS\u00d3RIOS, M\u00c3O DE OBRA, FERRAMENTAS, EQUIPAMENTOS E MATERIAIS DE CONSUMO, NECESS\u00c1RIOS PARA A EXECU\u00c7\u00c3O DOS SERVI\u00c7OS, A FIM DE PROPORCIONAR O FUNCIONAMENTO EFICIENTE, SEGURO E ECON\u00d4MICO DOS EQUIPAMENTOS, CONFORME TERMO DE REFER\u00caNCIA.","Data":"09\/05\/2025","Valor Estimado":"-","Situa\u00e7\u00e3o":"Anulada","\u00d3rg\u00e3o":"C\u00e2mara Municipal de Santana do Acara\u00fa","Publica\u00e7\u00e3o":"06\/05\/2025"},{"N\u00famero":"1603.01\/25","Modalidade":"Preg\u00e3o Eletr\u00f4nico","Objeto":"CONTRATA\u00c7\u00c3O DE EMPRESA ESPECIALIZADA PARA PRESTA\u00c7\u00c3O DE SERVI\u00c7OS DE CONSULTORIA E ASSESSORAMENTO T\u00c9CNICO AO SETOR DE COMPRAS E AO SETOR DE CONTROLE DE PESQUISA DE PRE\u00c7OS DA C\u00c2MARA MUNICIPAL DE SANTANA DO ACARA\u00da\/CE, VISANDO \u00c0 GOVERNAN\u00c7A DAS CONTRATA\u00c7\u00d5ES, A PADRONIZA\u00c7\u00c3O DE PROCESSOS E A CORRETA APLICA\u00c7\u00c3O DOS RECURSOS P\u00daBLICOS, EM CONFORMIDADE COM A LEGISLA\u00c7\u00c3O VIGENTE, INCLUINDO A LEI FEDERAL N\u00ba 14.133\/2021 E A LEI MUNICIPAL N\u00ba 2.080\/2025","Data":"05\/05\/2025","Valor Estimado":"-","Situa\u00e7\u00e3o":"Fechada","\u00d3rg\u00e3o":"-","Publica\u00e7\u00e3o":"16\/04\/2025"},{"N\u00famero":"3004.001.2025","Modalidade":"Inexigibilidade","Objeto":"CONTRATA\u00c7\u00c3O DE SERVI\u00c7OS T\u00c9CNICOS ESPECIALIZADOS EM CONTABILIDADE, COMPREENDENDO A INCLUS\u00c3O DOS DADOS DAS NOTAS FISCAIS ELETR\u00d4NICAS NO SISTEMA EFD-REINF DA RECEITA FEDERAL DO BRASIL, A COLETA, ORGANIZA\u00c7\u00c3O, DIGITA\u00c7\u00c3O, ACOMPANHAMENTO E TRANSMISS\u00c3O DE INFORMA\u00c7\u00d5ES AO SISTEMA DE INFORMA\u00c7\u00d5ES CONT\u00c1BEIS E FISCAIS DO SETOR P\u00daBLICO BRASILEIRO \u2013 SICONFI, A MANUTEN\u00c7\u00c3O DA REGULARIDADE DO PODER LEGISLATIVO MUNICIPAL JUNTO AO SISTEMA DE AUX\u00cdLIO \u00c0 TRANSFER\u00caNCIA VOLUNT\u00c1RIA \u2013 CAUC, O ACOMPANHAMENTO MENSAL DA GEST\u00c3O FISCAL DA C\u00c2MARA MUNICIPAL DE SANTANA DO ACARA\u00da\/CE, A ELABORA\u00c7\u00c3O DO ESTUDO E DA PROPOSTA","Data":"02\/05\/2025","Valor Estimado":"-","Situa\u00e7\u00e3o":"Fechada","\u00d3rg\u00e3o":"-","Publica\u00e7\u00e3o":"30\/04\/2025"},{"N\u00famero":"1703.01.2025","Modalidade":"Preg\u00e3o","Objeto":"CONTRATA\u00c7\u00c3O DE EMPRESA ESPECIALIZADA NA IMPLANTA\u00c7\u00c3O E CESS\u00c3O DE LICEN\u00c7A DE USO DE DIVERSOS SISTEMAS INFORMATIZADOS (CONTABILIDADE, LICITA\u00c7\u00c3O, PATRIM\u00d4NIO, ALMOXARIFADO, FOLHA DE PAGAMENTO-RECURSOS HUMANOS, PORTAL DA TRANSPAR\u00caNCIA E FROTA) E SERVI\u00c7O DE IMPLANTA\u00c7\u00c3O, TREINAMENTO, CUSTOMIZA\u00c7\u00c3O E CAPACITA\u00c7\u00c3O COM OS SERVIDORES REFERENTE AOS M\u00d3DULOS DE CONTABILIDADE, LICITA\u00c7\u00c3O, PATRIM\u00d4NIO, ALMOXARIFADO, FOLHA DE PAGAMENTO (WEB) E PORTAL DA TRANSPAR\u00caNCIA, JUNTO \u00c0 C\u00c2MARA MUNICIPAL DE SANTANA DO ACARA\u00da","Data":"02\/05\/2025","Valor Estimado":"-","Situa\u00e7\u00e3o":"Fechada","\u00d3rg\u00e3o":"-","Publica\u00e7\u00e3o":"02\/05\/2025"},{"N\u00famero":"2204.002.2025","Modalidade":"Dispensa Lei 14133","Objeto":"CONTRATA\u00c7\u00c3O DE EMPRESA ESPECIALIZADA E TECNICAMENTE APTA \u00c0 PRESTA\u00c7\u00c3O DE SERVI\u00c7OS DE ASSESSORIA E SUPORTE T\u00c9CNICO-OPERACIONAL AO SETOR DE SERVI\u00c7OS DE INFORM\u00c1TICA E GERENCIAMENTO DE SISTEMAS DA C\u00c2MARA MUNICIPAL DE SANTANA DO ACARA\u00da\/CE, ABRANGENDO ATIVIDADES VOLTADAS \u00c0 ADMINISTRA\u00c7\u00c3O E MANUTEN\u00c7\u00c3O DE SISTEMAS INFORMATIZADOS, INFRAESTRUTURA TECNOL\u00d3GICA, REDES, SERVIDORES, SEGURAN\u00c7A DA INFORMA\u00c7\u00c3O, APOIO T\u00c9CNICO \u00c0 GEST\u00c3O DE DADOS E SISTEMAS INSTITUCIONAIS, BEM COMO \u00c0 IMPLANTA\u00c7\u00c3O DE MELHORIAS E INOVA\u00c7\u00c3O TECNOL\u00d3GICA NO \u00c2MBITO DO PODER LEGISLATIVO MUNICIPAL","Data":"28\/04\/2025","Valor Estimado":"-","Situa\u00e7\u00e3o":"Fechada","\u00d3rg\u00e3o":"-","Publica\u00e7\u00e3o":"23\/04\/2025"},{"N\u00famero":"2204.001.2025","Modalidade":"Dispensa Lei 14133","Objeto":"PRESTA\u00c7\u00c3O DE SERVI\u00c7OS ESPECIALIZADOS EM ASSESSORIA T\u00c9CNICA LEGISLATIVA E ACOMPANHAMENTO GERENCIAL DAS A\u00c7\u00d5ES DE GEST\u00c3O E CONTROLE, EM APOIO \u00c0 MESA DIRETORA DA C\u00c2MARA MUNICIPAL DE SANTANA DO ACARA\u00da\/CE, CONFORME TERMO DE REFER\u00caNCIA.","Data":"28\/04\/2025","Valor Estimado":"-","Situa\u00e7\u00e3o":"Fechada","\u00d3rg\u00e3o":"-","Publica\u00e7\u00e3o":"23\/04\/2025"},{"N\u00famero":"0404.01.25","Modalidade":"Preg\u00e3o Eletr\u00f4nico","Objeto":"CONTRATA\u00c7\u00c3O DE EMPRESA ESPECIALIZADA NA IMPLANTA\u00c7\u00c3O E CESS\u00c3O DE LICEN\u00c7A DE USO DE DIVERSOS SISTEMAS INFORMATIZADOS, JUNTO \u00c0 C\u00c2MARA MUNICIPAL DE SANTANA DO ACARA\u00da","Data":"22\/04\/2025","Valor Estimado":"R$ 187.875,00","Situa\u00e7\u00e3o":"Fechada","\u00d3rg\u00e3o":"-","Publica\u00e7\u00e3o":"07\/04\/2025"},{"N\u00famero":"1703.01.25","Modalidade":"Preg\u00e3o Eletr\u00f4nico","Objeto":"CONTRATA\u00c7\u00c3O DE EMPRESA ESPECIALIZADA NA IMPLANTA\u00c7\u00c3O E CESS\u00c3O DE LICEN\u00c7A DE USO DE DIVERSOS SISTEMAS INFORMATIZADOS (CONTABILIDADE, LICITA\u00c7\u00c3O, PATRIM\u00d4NIO, ALMOXARIFADO, FOLHA DE PAGAMENTO-RECURSOS HUMANOS, PORTAL DA TRANSPAR\u00caNCIA E FROTA) E SERVI\u00c7O DE IMPLANTA\u00c7\u00c3O, TREINAMENTO, CUSTOMIZA\u00c7\u00c3O E CAPACITA\u00c7\u00c3O COM OS SERVIDORES REFERENTE AOS M\u00d3DULOS DE CONTABILIDADE, LICITA\u00c7\u00c3O, PATRIM\u00d4NIO, ALMOXARIFADO, FOLHA DE PAGAMENTO (WEB) E PORTAL DA TRANSPAR\u00caNCIA, JUNTO \u00c0 C\u00c2MARA MUNICIPAL DE SANTANA DO ACARA\u00da, CONFORME CONDI\u00c7\u00d5ES, ESPECIFICA\u00c7\u00d5ES E QUANTITATIVOS PREVISTOS NO ANEXO I \u2013 TERMO DE REFER\u00caNCIA DO EDITAL","Data":"07\/04\/2025","Valor Estimado":"R$ 51.720,00","Situa\u00e7\u00e3o":"Fechada","\u00d3rg\u00e3o":"-","Publica\u00e7\u00e3o":"21\/03\/2024"},{"N\u00famero":"3103.001.2025","Modalidade":"Dispensa","Objeto":"CONTRATA\u00c7\u00c3O DE EMPRESA ESPECIALIZADA NOS SERVI\u00c7OS DE DIGITALIZA\u00c7\u00c3O DO ACERVO PROCESSUAL F\u00cdSICO E EM TR\u00c2MITE, NA C\u00c2MARA MUNICIPAL DE SANTANA DO ACARA\u00da, COM PE\u00c7AS INICIAIS E INTERCORRENTES E LOCA\u00c7\u00c3O DE SISTEMA, COM FORNECIMENTO DE M\u00c3O DE OBRA EXCLUSIVA E TODOS OS EQUIPAMENTOS E MATERIAIS NECESS\u00c1RIOS PARA SUPORTE E COMPLETA EXECU\u00c7\u00c3O DOS SERVI\u00c7OS, CONFORME TERMO DE REFER\u00caNCIA DE INTERESSE DA C\u00c2MARA MUNICIPAL DE SANTANA DO ACARA\u00da-CE.","Data":"04\/04\/2025","Valor Estimado":"R$ 58.950,50","Situa\u00e7\u00e3o":"Fechada","\u00d3rg\u00e3o":"C\u00e2mara Municipal de Santana do Acara\u00fa","Publica\u00e7\u00e3o":"01\/04\/2025"},{"N\u00famero":"2603.002\/2025","Modalidade":"Dispensa Lei 14133","Objeto":"PRESTA\u00c7\u00c3O DE SERVI\u00c7OS ESPECIALIZADOS EM ASSESSORIA T\u00c9CNICA LEGISLATIVA E ACOMPANHAMENTO GERENCIAL DAS A\u00c7\u00d5ES DE GEST\u00c3O E CONTROLE, EM APOIO \u00c0 MESA DIRETORA DA C\u00c2MARA MUNICIPAL DE SANTANA DO ACARA\u00da\/CE, CONFORME TERMO DE REFER\u00caNCIA","Data":"31\/03\/2025","Valor Estimado":"-","Situa\u00e7\u00e3o":"Fracassada","\u00d3rg\u00e3o":"-","Publica\u00e7\u00e3o":"26\/03\/2025"},{"N\u00famero":"2603.002.2025","Modalidade":"Dispensa","Objeto":"PRESTA\u00c7\u00c3O DE SERVI\u00c7OS ESPECIALIZADOS EM ASSESSORIA T\u00c9CNICA LEGISLATIVA E ACOMPANHAMENTO GERENCIAL DAS A\u00c7\u00d5ES DE GEST\u00c3O E CONTROLE, EM APOIO \u00c0 MESA DIRETORA DA C\u00c2MARA MUNICIPAL DE SANTANA DO ACARA\u00da\/CE, CONFORME TERMO DE REFER\u00caNCIA","Data":"31\/03\/2025","Valor Estimado":"-","Situa\u00e7\u00e3o":"Fracassada","\u00d3rg\u00e3o":"-","Publica\u00e7\u00e3o":"26\/03\/2025"},{"N\u00famero":"2603.001.2025","Modalidade":"Dispensa","Objeto":"CONTRATA\u00c7\u00c3O DE EMPRESA ESPECIALIZADA PARA PRESTA\u00c7\u00c3O DE SERVI\u00c7OS DE LOCA\u00c7\u00c3O, INSTALA\u00c7\u00c3O, CONFIGURA\u00c7\u00c3O E MANUTEN\u00c7\u00c3O PREVENTIVA E CORRETIVA DE EQUIPAMENTOS DE SEGURAN\u00c7A E VIGIL\u00c2NCIA ELETR\u00d4NICA, INCLUINDO SISTEMAS DE VIDEOMONITORAMENTO, ALARMES, SENSORES, C\u00c2MERAS DE SEGURAN\u00c7A E DEMAIS DISPOSITIVOS NECESS\u00c1RIOS PARA A PROTE\u00c7\u00c3O PATRIMONIAL DA C\u00c2MARA MUNICIPAL DE SANTANA DO ACARA\u00da, COM SUPORTE T\u00c9CNICO E GARANTIA DE FUNCIONAMENTO DURANTE O PER\u00cdODO CONTRATUAL, CONFORME TERMO DE REFER\u00caNCIA.","Data":"31\/03\/2025","Valor Estimado":"-","Situa\u00e7\u00e3o":"Fechada","\u00d3rg\u00e3o":"-","Publica\u00e7\u00e3o":"26\/03\/2025"},{"N\u00famero":"2003.001.2025","Modalidade":"Dispensa","Objeto":"RESTA\u00c7\u00c3O DE SERVI\u00c7OS ESPECIALIZADOS EM ASSESSORIA T\u00c9CNICA LEGISLATIVA E ACOMPANHAMENTO GERENCIAL DAS A\u00c7\u00d5ES DE GEST\u00c3O E CONTROLE, EM APOIO \u00c0 MESA DIRETORA DA C\u00c2MARA MUNICIPAL DE SANTANA DO ACARA\u00da\/CE, CONFORME TERMO DE REFER\u00caNCIA","Data":"26\/03\/2025","Valor Estimado":"-","Situa\u00e7\u00e3o":"Revogada","\u00d3rg\u00e3o":"-","Publica\u00e7\u00e3o":"21\/03\/2025"},{"N\u00famero":"1303.001.2025","Modalidade":"Dispensa","Objeto":"CONTRATA\u00c7\u00c3O DE EMPRESA ESPECIALIZADA PARA PRESTA\u00c7\u00c3O DE SERVI\u00c7OS DE LOCA\u00c7\u00c3O, INSTALA\u00c7\u00c3O, CONFIGURA\u00c7\u00c3O E MANUTEN\u00c7\u00c3O PREVENTIVA E CORRETIVA DE EQUIPAMENTOS DE SEGURAN\u00c7A E VIGIL\u00c2NCIA ELETR\u00d4NICA, INCLUINDO SISTEMAS DE VIDEOMONITORAMENTO, ALARMES, SENSORES, C\u00c2MERAS DE SEGURAN\u00c7A E DEMAIS DISPOSITIVOS NECESS\u00c1RIOS PARA A PROTE\u00c7\u00c3O PATRIMONIAL DA C\u00c2MARA MUNICIPAL DE SANTANA DO ACARA\u00da, COM SUPORTE T\u00c9CNICO E GARANTIA DE FUNCIONAMENTO DURANTE O PER\u00cdODO CONTRATUAL","Data":"20\/03\/2025","Valor Estimado":"-","Situa\u00e7\u00e3o":"Deserta","\u00d3rg\u00e3o":"-","Publica\u00e7\u00e3o":"14\/03\/2025"},{"N\u00famero":"0603.003.2025","Modalidade":"Dispensa Lei 14133","Objeto":"CONTRATA\u00c7\u00c3O DE ASSESSORIA E CONSULTORIA T\u00c9CNICA JUR\u00cdDICA ESPECIALIZADA EM DIREITO DIGITAL, GOVERNAN\u00c7A, GEST\u00c3O, MONITORAMENTO, PROTE\u00c7\u00c3O DE DADOS E APOIO AO ENCARREGADO, COM FOCO NA LEI FEDERAL N\u00ba 13.709 DE 2018, LEI GERAL DE PROTE\u00c7\u00c3O DE DADOS, JUNTO A C\u00c2MARA MUNICIPAL DE SANTANA DO ACARA\u00da\/CE., CONFORME TERMO DE REFER\u00caNCIA","Data":"12\/03\/2025","Valor Estimado":"R$ 57.000,00","Situa\u00e7\u00e3o":"Fechada","\u00d3rg\u00e3o":"C\u00e2mara Municipal de Santana do Acara\u00fa","Publica\u00e7\u00e3o":"07\/03\/2025"},{"N\u00famero":"0603.002.2025","Modalidade":"Dispensa Lei 14133","Objeto":"CONTRATA\u00c7\u00c3O DE EMPRESA PARA PRESTA\u00c7\u00c3O DE SERVI\u00c7OS T\u00c9CNICOS NA COLETA DE DADOS, DIGITA\u00c7\u00c3O, ACOMPANHAMENTO E TRANSMISS\u00c3O DE INFORMA\u00c7\u00d5ES JUNTO AO SICONFI, MANTENDO A REGULARIDADE DO PODER LEGISLATIVO JUNTO AO SITE AUXILIAR DE INFORMA\u00c7\u00d5ES PARA TRANSFER\u00caNCIA VOLUNT\u00c1RIAS \u2013 CAUC E ACOMPANHAMENTO MENSAL DA GEST\u00c3O FISCAL DO LEGISLATIVO MUNICIPAL DE SANTANA DO ACARA\u00da, CONFORME TERMO DE REFER\u00caNCIA","Data":"11\/03\/2025","Valor Estimado":"-","Situa\u00e7\u00e3o":"Anulada","\u00d3rg\u00e3o":"C\u00e2mara Municipal de Santana do Acara\u00fa","Publica\u00e7\u00e3o":"06\/03\/2025"},{"N\u00famero":"1302.001.2025","Modalidade":"Dispensa","Objeto":"CONTRATA\u00c7\u00c3O DE EMPRESA ESPECIALIZADA PARA PRESTA\u00c7\u00c3O DE SERVI\u00c7OS DE CONSULTORIA E ASSESSORAMENTO T\u00c9CNICO AO SETOR DE COMPRAS E AO SETOR DE CONTROLE DE PESQUISA DE PRE\u00c7OS DA C\u00c2MARA MUNICIPAL DE SANTANA DO ACARA\u00da\/CE, VISANDO \u00c0 GOVERNAN\u00c7A DAS CONTRATA\u00c7\u00d5ES, A PADRONIZA\u00c7\u00c3O DE PROCESSOS E A CORRETA APLICA\u00c7\u00c3O DOS RECURSOS P\u00daBLICOS, EM CONFORMIDADE COM A LEGISLA\u00c7\u00c3O VIGENTE, INCLUINDO A LEI FEDERAL N\u00ba 14.133\/2021 E A LEI MUNICIPAL N\u00ba 2.080\/2025, QUE DISP\u00d5E SOBRE A ESTRUTURA ADMINISTRATIVA DO PODER LEGISLATIVO MUNICIPAL.","Data":"19\/02\/2025","Valor Estimado":"R$ 59.774,00","Situa\u00e7\u00e3o":"Anulada","\u00d3rg\u00e3o":"C\u00e2mara Municipal de Santana do Acara\u00fa","Publica\u00e7\u00e3o":"14\/02\/2025"},{"N\u00famero":"3101.003.2025","Modalidade":"Dispensa Lei 14133","Objeto":"Contrata\u00e7\u00e3o de empresa especializada na presta\u00e7\u00e3o de servi\u00e7os de tradu\u00e7\u00e3o e interpreta\u00e7\u00e3o simult\u00e2nea da L\u00edngua Portuguesa para a L\u00edngua Brasileira de Sinais (LIBRAS) e vice-versa, para atender \u00e0s necessidades da C\u00e2mara Municipal de Santana do Acara\u00fa\/CE.","Data":"10\/02\/2025","Valor Estimado":"R$ 54.000,00","Situa\u00e7\u00e3o":"Fechada","\u00d3rg\u00e3o":"C\u00e2mara Municipal de Santana do Acara\u00fa","Publica\u00e7\u00e3o":"05\/02\/2025"},{"N\u00famero":"3101.002\/2025","Modalidade":"Dispensa Lei 14133","Objeto":"PRESTA\u00c7\u00c3O DE SERVI\u00c7OS DE TRANSMISS\u00c3O DIGITAL DAS SESS\u00d5ES ORDIN\u00c1RIAS, EXTRAORDINARIAS E SOLENES AO VIVO, EM TVS DO PLEN\u00c1RIO, REDES SOCIAIS E P\u00c1GINAS OFICIAIS DA C\u00c2MARA MUNICIPAL DE SANTANA DO ACARA\u00da-CE.","Data":"07\/02\/2025","Valor Estimado":"-","Situa\u00e7\u00e3o":"Fechada","\u00d3rg\u00e3o":"-","Publica\u00e7\u00e3o":"04\/02\/2025"},{"N\u00famero":"3101.001.2025","Modalidade":"Dispensa","Objeto":"PRESTA\u00c7\u00c3O DE SERVI\u00c7OS DE ASSESSORIA E CONSULTORIA EM MARKETING PARA GERENCIAMENTO, MONITORAMENTO E ENGAJAMENTO DAS M\u00cdDIAS SOCIAIS INSTITUCIONAIS DA C\u00c2MARA MUNICIPAL DE SANTANA DO ACARA\u00da, VIDEOGRAFIA E FOTOGRAFIA DE INTERESSE DO LEGISLATIVO MUNICIPAL, CONFORME TERMO DE REFER\u00caNCIA","Data":"03\/02\/2025","Valor Estimado":"-","Situa\u00e7\u00e3o":"Fechada","\u00d3rg\u00e3o":"C\u00e2mara Municipal de Santana do Acara\u00fa","Publica\u00e7\u00e3o":"03\/02\/2025"},{"N\u00famero":"3101.001.25","Modalidade":"Inexigibilidade","Objeto":"CONTRATA\u00c7\u00c3O DOS SERVI\u00c7OS T\u00c9CNICOS ESPECIALIZADOS EM CONTABILIDADE APLICADA AO SETOR P\u00daBLICO (CASP), INCLUINDO ATIVIDADES DE CONTABILIDADE P\u00daBLICA VOLTADAS \u00c0 EXECU\u00c7\u00c3O OR\u00c7AMENT\u00c1RIA, FINANCEIRA E PATRIMONIAL, COM SUPORTE T\u00c9CNICO E OPERACIONAL, PARA ATENDER \u00c0S NECESSIDADES ESPEC\u00cdFICAS DA C\u00c2MARA MUNICIPAL DE SANTANA DO ACARA\u00da\/CE, EM RAZ\u00c3O DA NOT\u00d3RIA ESPECIALIZA\u00c7\u00c3O DO PRESTADOR E SINGULARIDADE DO SERVI\u00c7O EXIGIDO","Data":"30\/01\/2025","Valor Estimado":"R$ 157.200,00","Situa\u00e7\u00e3o":"Fechada","\u00d3rg\u00e3o":"C\u00e2mara Municipal de Santana do Acara\u00fa","Publica\u00e7\u00e3o":"30\/01\/2025"},{"N\u00famero":"2701.001.2025","Modalidade":"Inexigibilidade","Objeto":"CONTRATA\u00c7\u00c3O DE EMPRESA ESPECIALIZADA PARA A PRESTA\u00c7\u00c3O DE SERVI\u00c7OS DE ASSESSORIA JUR\u00cdDICA COMBINADA (REMOTA E PRESENCIAL); CONSULTIVA, CONTENCIOSA E INSTITUCIONAL SOBRE QUEST\u00d5ES RELACIONADAS PREDOMINANTEMENTE, AO DIREITO CONSTITUCIONAL, ADMINISTRATIVAS, C\u00cdVEIS, PREVIDENCI\u00c1RIO E DO TRABALHO DE INTERESSE DA C\u00c2MARA MUNICIPAL DE SANTANA DO ACARA\u00da, EMISS\u00c3O DE PARECER JUR\u00cdDICO ACERCA DE MAT\u00c9RIS QUE FOREM PROPOSTAS AO PODER LEGISLATIVO ACERCA DE SUA CONSTITUCIONALIDADE, REPRESENTAR A C\u00c2MARA MUNICIPAL NAS AUDI\u00caNCIAS QUE PORVENTURA VENHAM A ACONTECER. Data da divulga\u00e7\u00e3o da ratifica\u00e7\u00e3o:","Data":"29\/01\/2025","Valor Estimado":"R$ 126.000,00","Situa\u00e7\u00e3o":"Fechada","\u00d3rg\u00e3o":"-","Publica\u00e7\u00e3o":"29\/01\/2025"},{"N\u00famero":"2101.002.2025","Modalidade":"Dispensa","Objeto":"CONTRATA\u00c7\u00c3O DE EMPRESA ESPECIALIZADA NOS SERVI\u00c7OS DE DIGITALIZA\u00c7\u00c3O DO ACERVO PROCESSUAL F\u00cdSICO E EM TR\u00c2MITE, NA C\u00c2MARA MUNICIPAL DE SANTANA DO ACARA\u00da, COM PE\u00c7AS INICIAIS E INTERCORRENTES, COM FORNECIMENTO DE M\u00c3O DE OBRA EXCLUSIVA E TODOS OS EQUIPAMENTOS E MATERIAIS NECESS\u00c1RIOS PARA SUPORTE E COMPLETA EXECU\u00c7\u00c3O DOS SERVI\u00c7OS, CONFORME TERMO DE REFER\u00caNCIA DE INTERESSE DA C\u00c2MARA MUNICIPAL DE SANTANA DO ACARA\u00da, CONFORME TERMO DE REFER\u00caNCIA.","Data":"27\/01\/2025","Valor Estimado":"-","Situa\u00e7\u00e3o":"Revogada","\u00d3rg\u00e3o":"C\u00e2mara Municipal de Santana do Acara\u00fa","Publica\u00e7\u00e3o":"22\/01\/2025"},{"N\u00famero":"2101.001.2025","Modalidade":"Dispensa Lei 14133","Objeto":"CONTRATA\u00c7\u00c3O DE EMPRESAPARAPRESTA\u00c7\u00c3O DOS SERVI\u00c7OS DE ASSESSORIA ADMINISTRATIVA, NA \u00c1REA DE LICITA\u00c7\u00d5ES E CONTRATOS P\u00daBLICOS (FASE DE PLANEJAMENTO DA CONTRATA\u00c7\u00c3O E SELE\u00c7\u00c3O DO FORNECEDOR), DESTINADOS A ATENDER AS NECESSIDADES DA C\u00c2MARA MUNICIPAL DE SANTANA DO ACARA\u00da\/CE, CONFORME OS INSTRUMENTOS DE PLANEJAMENTOS DA CONTRATA\u00c7\u00c3O, CONFORME TERMO DE REFER\u00caNCIA.","Data":"27\/01\/2025","Valor Estimado":"R$ 60.500,00","Situa\u00e7\u00e3o":"Fechada","\u00d3rg\u00e3o":"C\u00e2mara Municipal de Santana do Acara\u00fa","Publica\u00e7\u00e3o":"21\/01\/2025"},{"N\u00famero":"3101.002.2025","Modalidade":"Dispensa Lei 14133","Objeto":"Contrata\u00e7\u00e3o de empresa especializada para digitaliza\u00e7\u00e3o do acervo processual f\u00edsico e em tr\u00e2mite, com fornecimento de m\u00e3o de obra, equipamentos e suporte completo para execu\u00e7\u00e3o dos servi\u00e7os da C\u00e2mara Municipal.","Data":"27\/01\/2025","Valor Estimado":"R$ 58.440,00","Situa\u00e7\u00e3o":"Revogada","\u00d3rg\u00e3o":"C\u00e2mara Municipal de Santana do Acara\u00fa","Publica\u00e7\u00e3o":"22\/01\/2025"},{"N\u00famero":"31.01.004.2025","Modalidade":"Dispensa Lei 14133","Objeto":"Contrata\u00e7\u00e3o de empresa especializada para presta\u00e7\u00e3o de servi\u00e7os de consultoria e assessoramento t\u00e9cnico na \u00e1rea de gest\u00e3o, acompanhamento e fiscaliza\u00e7\u00e3o de contratos administrativos, incluindo suporte t\u00e9cnico-operacional, an\u00e1lise de conformidade, execu\u00e7\u00e3o e controle de atividades relacionadas \u00e0 gest\u00e3o contratual e demais \u00e1reas de interesse da C\u00e2mara Municipal de Santana do Acara\u00fa\/CE,","Data":"11\/01\/2025","Valor Estimado":"-","Situa\u00e7\u00e3o":"Fechada","\u00d3rg\u00e3o":"C\u00e2mara Municipal de Santana do Acara\u00fa","Publica\u00e7\u00e3o":"08\/01\/2025"},{"N\u00famero":"2024.11.06.01DE","Modalidade":"Dispensa","Objeto":"PRESTA\u00c7\u00c3O DE SERVI\u00c7O NA ELABORA\u00c7\u00c3O DO PLANO DE COMBATE A INC\u00caNDIOS E LEVANTAMENTO DE QUANTIDADE DE EXTINTORES","Data":"11\/11\/2024","Valor Estimado":"R$ 55.000,00","Situa\u00e7\u00e3o":"Fechada","\u00d3rg\u00e3o":"C\u00e2mara Municipal de Santana do Acara\u00fa","Publica\u00e7\u00e3o":"06\/11\/2024"},{"N\u00famero":"2024.10.22.02DE","Modalidade":"Dispensa","Objeto":"CONTRATA\u00c7\u00c3O DE SERVI\u00c7OS A SEREM PRESTADOS NA MONTAGEM, INSTALA\u00c7\u00c3O E CONFIGURA\u00c7\u00c3O DO DOM\u00cdNIO ACTIVE DIRECTORY, TERMINAL SERVICE, DHCP E DNS DO SISTEMA OPERACIONAL WINDOWS SERVER, VIRTUALIZA\u00c7\u00c3O E PREPARA\u00c7\u00c3O DAS ESTA\u00c7\u00d5ES PARA MODERNIZA\u00c7\u00c3O DA REDE.","Data":"29\/10\/2024","Valor Estimado":"R$ 39.000,00","Situa\u00e7\u00e3o":"Fechada","\u00d3rg\u00e3o":"C\u00e2mara Municipal de Santana do Acara\u00fa","Publica\u00e7\u00e3o":"23\/10\/2024"},{"N\u00famero":"2024.09.02.001D","Modalidade":"Dispensa","Objeto":"CONTRATA\u00c7\u00c3O DE EMPRESA VISANDO A EXECU\u00c7\u00c3O DE UM GERADOR FOTOVOLTAICO DE 19,31 KWP COM GERA\u00c7\u00c3O M\u00c9DIA MENSAL DE APROXIMADAMENTE 2.500 KWH PARA A C\u00c2MARA MUNICIPAL DE SANTANA DO ACARA\u00da.","Data":"06\/09\/2024","Valor Estimado":"R$ 118.034,22","Situa\u00e7\u00e3o":"Fechada","\u00d3rg\u00e3o":"-","Publica\u00e7\u00e3o":"02\/09\/2024"},{"N\u00famero":"2024.02.23.04DE","Modalidade":"Dispensa","Objeto":"CONTRATA\u00c7\u00c3O DE EMPRESA ESPECIALIZADA NA ELABORA\u00c7\u00c3O DE PRESTA\u00c7\u00c3O DE CONTAS DO ANO DE 2023 DESTINADOS A ATENDER AS NECESSIDADES DA CAMARA MUNICIPAL DE SANTANA DO ACARAU","Data":"28\/02\/2024","Valor Estimado":"R$ 19.000,00","Situa\u00e7\u00e3o":"Fechada","\u00d3rg\u00e3o":"C\u00e2mara Municipal de Santana do Acara\u00fa","Publica\u00e7\u00e3o":"23\/02\/2024"},{"N\u00famero":"2023.03.10.01PP","Modalidade":"Preg\u00e3o","Objeto":"Contrata\u00e7\u00e3o de empresa especializada nos servi\u00e7os t\u00e9cnicos de expurgo, limpeza, recupera\u00e7\u00e3o e organiza\u00e7\u00e3o de todo acervo documental da C\u00e2mara Municipal de Santana do Acara\u00fa\/CE, que se encontram no arquivo p\u00fablico, modernizando as a\u00e7\u00f5es e os processos de trabalho desenvolvidos pelo legislativo de modo a implementar eficiente e eficaz gest\u00e3o de arquivos, documentos e informa\u00e7\u00e3o por meio de modernas t\u00e9cnicas de armazenamento em caixas pl\u00e1sticas, com cria\u00e7\u00e3o de \u00edndice de pesquisa, de acordo com o que determina a legisla\u00e7\u00e3o vigente.","Data":"27\/03\/2023","Valor Estimado":"R$ 300.000,00","Situa\u00e7\u00e3o":"Fechada","\u00d3rg\u00e3o":"-","Publica\u00e7\u00e3o":"13\/03\/2023"},{"N\u00famero":"2022.11.30.01TP","Modalidade":"Tomada de Pre\u00e7os","Objeto":"Contrata\u00e7\u00e3o dos servi\u00e7os especializados de assessoria e consultoria na \u00e1rea de controle externo, levantamento de informa\u00e7\u00f5es para instrumentaliza\u00e7\u00e3o do poder legislativo acerca da fiscaliza\u00e7\u00e3o e do controle das aplica\u00e7\u00f5es dos recursos p\u00fablicos do fundo geral, unidades gestoras e \u00f3rg\u00e3os vinculados ao poder executivo municipal de Santana do Acara\u00fa\/CE.","Data":"26\/12\/2022","Valor Estimado":"-","Situa\u00e7\u00e3o":"Fechada","\u00d3rg\u00e3o":"-","Publica\u00e7\u00e3o":"08\/12\/2022"},{"N\u00famero":"2022.12.01.01TP","Modalidade":"Tomada de Pre\u00e7os","Objeto":"Contrata\u00e7\u00e3o de empresa especializada nos servi\u00e7os t\u00e9cnicos de expurgo, limpeza, recupera\u00e7\u00e3o e organiza\u00e7\u00e3o de todo acervo documental da C\u00e2mara Municipal de Santana do Acara\u00fa\/CE, que se encontram no arquivo p\u00fablico, modernizando as a\u00e7\u00f5es e os processos de trabalho desenvolvidos pelo legislativo de modo a implementar eficiente e eficaz gest\u00e3o de arquivos, documentos e informa\u00e7\u00e3o por meio de modernas t\u00e9cnicas de armazenamento em caixas pl\u00e1sticas, com cria\u00e7\u00e3o de \u00edndice de pesquisa.","Data":"26\/12\/2022","Valor Estimado":"-","Situa\u00e7\u00e3o":"Fechada","\u00d3rg\u00e3o":"-","Publica\u00e7\u00e3o":"08\/12\/2022"},{"N\u00famero":"2022.11.28.01PP","Modalidade":"Preg\u00e3o","Objeto":"Contrata\u00e7\u00e3o de empresa especializada em servi\u00e7os de solu\u00e7\u00e3o de TI junto a C\u00e2mara Municipal de Santana do Acara\u00fa\/CE, incluindo sistema digital de presen\u00e7a, sistema digital de vota\u00e7\u00e3o, controle de tempo de uso da palavra, corte autom\u00e1tico de microfones, e controle aut\u00f4nomo de microfones pelo presidente da sess\u00e3o, conforme especifica\u00e7\u00f5es contidas no termo de refer\u00eancia e anexos do edital, bem como instala\u00e7\u00e3o, configura\u00e7\u00e3o e otimiza\u00e7\u00e3o do software e de todos os equipamentos de forma integrada necess\u00e1rios ao funcionamento e operacionaliza\u00e7\u00e3o, treinamento e capacita\u00e7\u00e3o para uso da solu\u00e7\u00e3o adotada.","Data":"26\/12\/2022","Valor Estimado":"-","Situa\u00e7\u00e3o":"Fechada","\u00d3rg\u00e3o":"-","Publica\u00e7\u00e3o":"08\/12\/2022"},{"N\u00famero":"2021.07.12.01TP","Modalidade":"Tomada de Pre\u00e7os","Objeto":"Contrata\u00e7\u00e3o de servi\u00e7os especializados no acompanhamento das atividades administrativas e, especificamente, nas quest\u00f5es financeiras do Legislativo Municipal, compreendendo procedimentos de Tesouraria, planejamento financeiro e respectivo fluxo de pagamento, bem como, acompanhamento da aplica\u00e7\u00e3o dos recursos \u00e0 luz da legisla\u00e7\u00e3o pertinente (Lei Complementar N\u00ba 101\/2000, ou seja, monitoramento dos gastos com pessoal (70%) e demais despesas administrativas (30%), quanto \u00e0s a\u00e7oes de Planejamento e Gest\u00e3o, junto \u00e0 C\u00e2mara Municipal de Santana do Acara\u00fa-Ce.","Data":"30\/07\/2021","Valor Estimado":"-","Situa\u00e7\u00e3o":"Fechada","\u00d3rg\u00e3o":"-","Publica\u00e7\u00e3o":"17\/07\/2021"},{"N\u00famero":"2021.02.18.01TP","Modalidade":"Tomada de Pre\u00e7os","Objeto":"LICITA\u00c7\u00c3O DO TIPO MENOR PRE\u00c7O GLOBAL PARA A CONTRATA\u00c7\u00c3O DE EMPRESA PARA PRESTA\u00c7\u00c3O DE SERVI\u00c7OS EM ASSESSORIA T\u00c9CNICA ADMINISTRATIVA NO SETOR DE RECURSOS HUMANOS, FOLHA DE PAGAMENTO E ELABORA\u00c7\u00c3O DE DIRF, RAIS, GFIP E DCTF A FIM DE ATENDER AS NECESSIDADES DA C\u00c2MARA MUNICIPAL DE SANTANA DO ACARA\u00da-CE.","Data":"26\/03\/2021","Valor Estimado":"-","Situa\u00e7\u00e3o":"Fechada","\u00d3rg\u00e3o":"-","Publica\u00e7\u00e3o":"09\/03\/2021"},{"N\u00famero":"2021.02.19.01TP","Modalidade":"Tomada de Pre\u00e7os","Objeto":"CONTRATA\u00c7\u00c3O DE EMPRESA PARA PRESTA\u00c7\u00c3O DE SERVI\u00c7OS T\u00c9CNICOS ESPECIALIZADOS NA ORIENTA\u00c7\u00c3O E ACOMPANHAMENTO AO SETOR DE CONTROLE INTERNO JUNTO \u00c0 C\u00c2MARA MUNICIPAL DE SANTANA DO ACARA\u00da-CE.","Data":"26\/03\/2021","Valor Estimado":"-","Situa\u00e7\u00e3o":"Fechada","\u00d3rg\u00e3o":"-","Publica\u00e7\u00e3o":"09\/03\/2021"},{"N\u00famero":"12.06.1.19-CMSA","Modalidade":"Tomada de Pre\u00e7os","Objeto":"CONTRATA\u00c7\u00c3O DE EMPRESA ESPECIALIZADA PARA OS SERVI\u00c7OS DE ASSESSORIA E CONSULTORIA EM MARKETING, RELA\u00c7\u00d5ES P\u00daBLICAS, COMUNICA\u00c7\u00c3O SOCIAL E ASSESSORIA DE IMPRENSA JUNTO A C\u00c2MARA MUNICIPAL DE SANTANA DO ACARA\u00da, CONFORME TERMO DE REFERENCIA, ANEXO I DO EDITAL.","Data":"26\/12\/2019","Valor Estimado":"-","Situa\u00e7\u00e3o":"Fechada","\u00d3rg\u00e3o":"-","Publica\u00e7\u00e3o":"09\/12\/2019"},{"N\u00famero":"20190506001CMSA","Modalidade":"Tomada de Pre\u00e7os","Objeto":"CONTRATA\u00c7\u00c3O DE EMPRESA ESPECIALIZADA EM SERVI\u00c7OS DE ENGENHARIA CIVIL, PARA EXECUTAR OS SERVI\u00c7OS DE READEQUA\u00c7\u00c3O DO ESPA\u00c7O ADMINISTRATIVO DA C\u00c2MARA MUNICIPAL DE SANTANA DO ACARA\u00da, COM CONSTRU\u00c7\u00c3O DE 02(DOIS) BANHEIROS ATENDENDO NBR 9050 E REFORMULA\u00c7\u00c3O DOS LAYOUT DAS SALAS ADMINISTRATIVAS, EM CONFORMIDADE COM AS ESPECIFICA\u00c7\u00d5ES NO EDITAL E ANEXOS.","Data":"23\/05\/2019","Valor Estimado":"-","Situa\u00e7\u00e3o":"Fechada","\u00d3rg\u00e3o":"-","Publica\u00e7\u00e3o":"07\/05\/2019"},{"N\u00famero":"2019.04.05.001","Modalidade":"Tomada de Pre\u00e7os","Objeto":"PRESTA\u00c7\u00c3O DE SERVI\u00c7OS DE APOIO T\u00c9CNICO NA ELABORA\u00c7\u00c3O E ADEQUA\u00c7\u00c3O DE PARECERES DE PROJETOS DE LEIS, RESOLU\u00c7\u00d5ES, PORTARIAS E DEMAIS MAT\u00c9RIAS RELACIONADAS AO REGIMENTO INTERNO DO LEGISLATIVO MUNICIPAL. DE SANTANA DO ACARA\u00da. ASSESSORAR A PRESID\u00caNCIA DA C\u00c2MARA MUNICIPAL NA NORMATIZA\u00c7\u00c3O PARTICIPATIVA DO SERVIDOR PROMOVIDA PELO LEGISLATIVO MUNICIPAL. ASSESSORAR NA PROPOSI\u00c7\u00c3O E ELABORA\u00c7\u00c3O DE ATOS, NORMAS E REGULAMENTOS DE INTERESSE OU NECESS\u00c1RIOS \u00c0 ADMINISTRA\u00c7\u00c3O DOS SERVI\u00c7OS DA C\u00c2MARA MUNICIPAL. ACOMPANHAMENTO DE PROCESSOS EM CORTES DE CONTAS E NO TRIBUNAL DE CONTAS DO ESTADO \u2013 TCE E PRESTA\u00c7\u00c3O DE SERVI\u00c7OS ADVOCAT\u00cdCIOS EM PROCESSOS JUDICIAIS QUE ENVOLVAM O PODER LEGISLATIVO MUNICIPAL RELACIONADO A REQUISI\u00c7\u00d5ES E\/OU PROCEDIMENTOS JUNTO AO MINIST\u00c9RIO P\u00daBLICO ESTADUAL E\/OU FEDERAL, CONFORME TERMO DE REFER\u00caNCIA. ANEXO I.","Data":"29\/04\/2019","Valor Estimado":"-","Situa\u00e7\u00e3o":"Fechada","\u00d3rg\u00e3o":"-","Publica\u00e7\u00e3o":"12\/04\/2019"},{"N\u00famero":"01.24.1.17-CMSA","Modalidade":"Tomada de Pre\u00e7os","Objeto":"CONTRATA\u00c7\u00c3O DE EMPRESAS PARA REALIZAR OS SERVI\u00c7OS DE ASSESSORIAS E CONSULTORIAS T\u00c9CNICAS JUNTO A C\u00c2MARA MUNICIPAL DE SANTA DO ACARA\u00da, CONFORME TERMO DE REFER\u00caNCIA.","Data":"10\/02\/2017","Valor Estimado":"-","Situa\u00e7\u00e3o":"Fechada","\u00d3rg\u00e3o":"-","Publica\u00e7\u00e3o":"25\/01\/2017"},{"N\u00famero":"01.24.2.17-CMSA","Modalidade":"Tomada de Pre\u00e7os","Objeto":"SELE\u00c7\u00c3O DE PROPOSTA MAIS VANTAJOSA PARA SERVI\u00c7OS DE FORNECIMENTO DE SOFTWARE PARA CONTABILIDADE, LICITA\u00c7\u00c3O, ALMOXARIFADO, PATRIM\u00d4NIO E PUBLICA\u00c7\u00c3O DE DADOS, COMO TAMB\u00c9M LOCA\u00c7\u00c3O DE SISTEMA DE GERENCIAMENTO E CONTROLE DE SITE, E CONTRATA\u00c7\u00c3O DOS SERVI\u00c7OS DE TRATAMENTO DE DADOS E GERENCIAMENTO EM SISTEMA PR\u00d3PRIO DE AUTOMA\u00c7\u00c3O DE DOCUMENTOS CONTABEIS, LICITATORIOS E DEMAIS. JUNTO A C\u00c2MARA MUNICIPAL DE SANTANA DO ACARA\u00da, CONFORME TERMO DE REFER\u00caNCIA.","Data":"10\/02\/2017","Valor Estimado":"-","Situa\u00e7\u00e3o":"Fechada","\u00d3rg\u00e3o":"-","Publica\u00e7\u00e3o":"25\/01\/2017"},{"N\u00famero":"1902.01\/2016","Modalidade":"Preg\u00e3o","Objeto":"AQUISI\u00c7\u00c3O DE COMBSUTIVELS DESTINADOS A ATENDER AS NECESSIDADES DA PRESID\u00caNCIA DA C\u00c2MARA MUNICIPAL DE SANTANA DO ACARA\u00da - CEAR\u00c1","Data":"07\/03\/2016","Valor Estimado":"-","Situa\u00e7\u00e3o":"Fechada","\u00d3rg\u00e3o":"-","Publica\u00e7\u00e3o":"24\/02\/2016"},{"N\u00famero":"19.02.02\/2016","Modalidade":"Convite","Objeto":"LO\u00c7AC\u00c3O DE 01 (UM) VEYCULO, COM ESPACO PARA 07 (SETE) OCUPNATES, MOVIDO A DIESSLE, COM TRA\u00c7O 4x4, DESTINADO A ATENDER AS NECESSIDADES DA PRESID\u00caNCIA DA CMARA MUNICIPAL DE SANTANA DO ACARA\u00da - CEAR\u00c1","Data":"29\/02\/2016","Valor Estimado":"-","Situa\u00e7\u00e3o":"Fechada","\u00d3rg\u00e3o":"-","Publica\u00e7\u00e3o":"19\/02\/2016"},{"N\u00famero":"19.02.03\/2016","Modalidade":"Convite","Objeto":"PRESTA\u00c7\u00c3O DE SERVICOS DE APOIO ADMINISTRATIVO E PALAMENTAR JUNTO A CAMARA MUNICIPAL DE SANTANA DO ACARA\u00da - CEAR\u00c1","Data":"29\/02\/2016","Valor Estimado":"-","Situa\u00e7\u00e3o":"Fechada","\u00d3rg\u00e3o":"-","Publica\u00e7\u00e3o":"19\/02\/2016"},{"N\u00famero":"08.01.02\/2016","Modalidade":"Convite","Objeto":"CONTRATA\u00c7\u00c3O DE SERVI\u00c7OS PARA ATUALIAZ\u00c7\u00c3O DO PORTAL DA C\u00c2MARA (WWW.CMSANTANADOACARAU.CE.GOV.BR), INCLUSIVE CADASTRO DE NOTICIAS, CALENDARIO DE SESSOES, CADASTRO DE VIDEOS, DIVULGA\u00c7\u00c3O DE RELAT\u00d3RIOS DE GESTAO FISCAL (RGF) E PORTARIAS, E ATUALIZA\u00c7\u00c3O DO SISTEMA DE APOIO AO PROCESSO LEGISLATIVO (S.A.P.L.), INCLUINDO CADASTRO DAS MATERIAS EM TRAMITAC\u00d5ES, CADASTROS DAS SESS\u00d5ES PLEN\u00c1RIAS, CADASTRO DE MAT\u00c9RIAS RELACIONADAS \u00c0S COMISS\u00d5ES PERMANENTES E CADASTRO DE ATIVIDADES POR PARLAMENTAR, JUNTO \u00c0 C\u00c2MARA MUNICIPAL DE SANTANA DO ACARA\u00da","Data":"18\/01\/2016","Valor Estimado":"-","Situa\u00e7\u00e3o":"Fechada","\u00d3rg\u00e3o":"-","Publica\u00e7\u00e3o":"08\/01\/2016"},{"N\u00famero":"08.01.01\/2016","Modalidade":"Convite","Objeto":"PRESTA\u00c7\u00c3O DE SERVI\u00c7OS DE MANUTE\u00c7N\u00c3O DE COMPUTDAORES E EQUIPAMENTOS PERIF\u00c9RICOS, MANUTEN\u00c7\u00c3O E INSTALA\u00c7\u00c3O DE SOTFWARES, SONORIZA\u00c7\u00c3O, TRANSMIS\u00c3O AO VIVO DAS SESS\u00d5ES LEGISLATIVAS VIA STREAMINNG, GRAVA\u00c7\u00c3O E EDI\u00c7\u00c3O DE V\u00cdDEOS DAS SESS\u00d5ES ORDIN\u00c1RIAS, ITINERANTES E SOLENES, DIVULGA\u00c7\u00c3O DAS MAT\u00c9RIAS DE INTERESSE DO LEGISLATIVO NAS REDES SOCIAIS (TWYTTER, FACE-BOOK), JUNTO A C\u00c2MARA MUNICIPAL DE SANTANA DO ACARA\u00da","Data":"18\/01\/2016","Valor Estimado":"-","Situa\u00e7\u00e3o":"Fechada","\u00d3rg\u00e3o":"-","Publica\u00e7\u00e3o":"08\/01\/2016"},{"N\u00famero":"1003.01\/2015","Modalidade":"Tomada de Pre\u00e7os","Objeto":"CONTRATA\u00c7\u00c3O DE SERVI\u00c7OS DE LOCA\u00c7\u00c3O DE VE\u00cdCULOS PARA A COLETA E TRANSPORTE DOS RES\u00cdDUOS DA SA\u00daDE E DOM\u00c9STICOS DO MUNICIPIO DE SANTANA DO ACARA\u00da-CE","Data":"06\/04\/2015","Valor Estimado":"-","Situa\u00e7\u00e3o":"Fechada","\u00d3rg\u00e3o":"-","Publica\u00e7\u00e3o":"20\/03\/2015"},{"N\u00famero":"20.03.02\/2015","Modalidade":"Convite","Objeto":"CONTRATACAO DE PRESTACAO DE SERVICOS DE APOIO ADMINISTRATIVO E PARLAMENTAR JUNTO A CAMARA MUNICIPAL DE SANTANA DO ACARA\u00da","Data":"30\/03\/2015","Valor Estimado":"-","Situa\u00e7\u00e3o":"Fechada","\u00d3rg\u00e3o":"-","Publica\u00e7\u00e3o":"20\/03\/2015"},{"N\u00famero":"20.03.03\/2015","Modalidade":"Convite","Objeto":"CONTRATACAO DOS SERVICOS DE DIGITALIZACAO DE DOCUMENTOS CONTABEIS, PROCESSOS LICITATORIOS, CONTRATOS, LEIS E ATOS DO LEGISLATIVO MUNICIPAL DE SANTANA DO ACARA\u00da","Data":"30\/03\/2015","Valor Estimado":"-","Situa\u00e7\u00e3o":"Fechada","\u00d3rg\u00e3o":"-","Publica\u00e7\u00e3o":"20\/03\/2015"},{"N\u00famero":"20.03.04\/2015","Modalidade":"Convite","Objeto":"CONTRATA\u00c7\u00c3O DE SERVI\u00c7OS PARA ATUALIZA\u00c7\u00c3O DO PORTAL DA C\u00c2MARA (WWW.CMSANTANADOACARAU.CE.GOV.BR), INCLUSIVE CADASTRO DE NOTICIAS, CALENDARIO DE SESSOES, CADASTRO DE VIDEOS, DIVULGA\u00c7\u00c3O DE RELAT\u00d3RIOS DE GESTAO FISCAL (RGF) E PORTARIAS, E ATUALIZA\u00c7\u00c3O DO SISTEMA DE APOIO AO PROCESSO LEGISLATIVO (SAPL), INCLUINDO CADASTRO DAS MATERIAS EM TRAMITAC\u00d5ES, CADASTROS DAS SESS\u00d5ES PLEN\u00c1RIAS, CADASTRO DE MAT\u00c9RIAS RELACIONADAS \u00c0S COMISS\u00d5ES PERMANENTES E CADASTRO DE ATIVIDADES POR PARLAMENTAR, JUNTO \u00c0 C\u00c2MARA MUNICIPAL DE SANTANA DO ACARA\u00da.","Data":"30\/03\/2015","Valor Estimado":"R$ 8.200,00","Situa\u00e7\u00e3o":"Fechada","\u00d3rg\u00e3o":"-","Publica\u00e7\u00e3o":"20\/03\/2015"},{"N\u00famero":"20.03.05\/2015","Modalidade":"Convite","Objeto":"PRESTA\u00c7\u00c3O DE SERVI\u00c7OS DE MANUTEN\u00c7\u00c3O DE COMPUTADORES E EQUIPAMENTOS PERIF\u00c9RICOS, MANUTEN\u00c7\u00c3O E INSTALA\u00c7\u00c3O DE SOFTWARES, SONORIZA\u00c7\u00c3O, TRANSMISS\u00c3O AO VIVO DAS SESS\u00d5ES LEGISLATIVAS VIA STREAMING, GRAVA\u00c7\u00c3O E EDI\u00c7\u00c3O DE VIDEOS DAS SESS\u00d5ES ORDIN\u00c1RIAS, ITINERANTES E SOLENES, DIVULGA\u00c7\u00c3O DAS MAT\u00c9RIAS DE INTERESSE DO LEGISLATIVO NAS REDES SOCIAIS (TWITTER, FACEBOOK), JUNTO A C\u00c2MARA MUNICIPAL DE SANTANA DO ACARA\u00da.","Data":"30\/03\/2015","Valor Estimado":"-","Situa\u00e7\u00e3o":"Fechada","\u00d3rg\u00e3o":"-","Publica\u00e7\u00e3o":"20\/03\/2015"},{"N\u00famero":"20.03.01\/2015","Modalidade":"Convite","Objeto":"CONTRATACAO DE PRESTACAO DE SERVICOS DE ASSESSORIA E EXECUCAO CONTABIL JUNTO A CAMARA MUNICIPAL DE SANTANA DO ACARAU","Data":"30\/03\/2015","Valor Estimado":"-","Situa\u00e7\u00e3o":"Fechada","\u00d3rg\u00e3o":"-","Publica\u00e7\u00e3o":"20\/03\/2025"},{"N\u00famero":"0702.01\/2014","Modalidade":"Preg\u00e3o","Objeto":"PRESTA\u00c7\u00c3O DE SERVI\u00c7OS ESPECIALIZADOS EM ASSESSORIA E CONSULTORIA NA \u00c1REA P\u00daBLICA, DESTINADAS A ATENDER AS NECESSIDADES DA C\u00c2MARA MUNICIPAL DE SANTANA DO ACARA\u00da","Data":"24\/02\/2014","Valor Estimado":"-","Situa\u00e7\u00e3o":"Fechada","\u00d3rg\u00e3o":"-","Publica\u00e7\u00e3o":"12\/04\/2014"},{"N\u00famero":"01.08.001\/2013","Modalidade":"Convite","Objeto":"CONTRATA\u00c7\u00c3O DE SERVI\u00c7OS DE COMUNICA\u00c7\u00c3O E RADIODIFUS\u00c3O, INCLUINDO A COBERTURA DE TODAS AS SESS\u00d5ES DO PODER LEGISLATIVO LOCAL E QUALQUER EVENTO QUE PORVENTURA A C\u00c2MARA MUNICIPAL DE SANTANA DO ACARA\u00da VENHA A REALIZAR OU PARTICIPAR, BEM COMO VEICULA\u00c7\u00c3O, NOS PRINCIPAIS PROGRAMAS DE EMISSORAS DE R\u00c1DIO, DE INFORMA\u00c7\u00c3OES NECESS\u00c1RIAS AO CONHECIMENTO DA POPULA\u00c7\u00c3O SANTANENSE REFERENTE AO PODER LEGISLATIVO DE SANTANA DO ACARA\u00da","Data":"12\/08\/2013","Valor Estimado":"-","Situa\u00e7\u00e3o":"Fechada","\u00d3rg\u00e3o":"-","Publica\u00e7\u00e3o":"01\/08\/2013"},{"N\u00famero":"27.03.001\/2013","Modalidade":"Convite","Objeto":"CONTRATA\u00c7\u00c3O DE SERVI\u00c7OS DE ASSESSORIA DE LICITA\u00c7\u00d5ES E CONTRATOS P\u00daBLICOS JUNTO A COMISS\u00c3O PERMANENTE DE LICITAC\u00c3O DO LEGISLATIVO MUNICIPAL DE SANTANA DO ACARA\u00da - CE","Data":"08\/04\/2013","Valor Estimado":"-","Situa\u00e7\u00e3o":"Fechada","\u00d3rg\u00e3o":"-","Publica\u00e7\u00e3o":"27\/03\/2013"},{"N\u00famero":"01.03.005\/2013","Modalidade":"Convite","Objeto":"CONTRATA\u00c7\u00c3O DOS SERVI\u00c7OS DE DIGITALIZA\u00c7\u00c3O DE DOCUMENTOS CONT\u00c1BEIS, PROCESSOS LICITAT\u00d3RIOS, CONTRATOS, LEIS E ATOS DO LEGISLATIVO MUNICIPAL NO PER\u00cdODO DE MAR\u00c7O A DEZEMBRO DE 2013","Data":"11\/03\/2013","Valor Estimado":"-","Situa\u00e7\u00e3o":"Fechada","\u00d3rg\u00e3o":"-","Publica\u00e7\u00e3o":"01\/03\/2013"},{"N\u00famero":"01.03.004\/2013","Modalidade":"Convite","Objeto":"CONTRATA\u00c7\u00c3O DE PRESTA\u00c7\u00c3O DE SERVI\u00c7OS DE APOIO NA \u00c1REA ADMINISTRATIVA, AUXILIANDO NA EXECU\u00c7\u00c3O DE ATOS ADMINISTRATIVOS, EMISS\u00c3O DE PARECERES E RESPOSTAS A CONSULTAS RELACIONADAS A ASSUNTOS ADMINISTRATIVOS DA C\u00c2MARA MUNICIPAL DE SANTANA DO ACARA\u00da, BEM COMO, APOIO JUNTO A MESA DIRETORA, NA AN\u00c1LISE DE MAT\u00c9RIAS EM GERAL E PROPOSITURAS COM ACOMPANHAMENTO DE PROCESSOS LEGISLATIVOS, DO \u00cdNICIO AT\u00c9 A CONCLUS\u00c3O DOS MESMOS, NO PER\u00cdODO DE MAR\u00c7O A DEZEMBRO DE 2013","Data":"11\/03\/2013","Valor Estimado":"-","Situa\u00e7\u00e3o":"Fechada","\u00d3rg\u00e3o":"-","Publica\u00e7\u00e3o":"01\/03\/2013"},{"N\u00famero":"01.03.002\/2013","Modalidade":"Convite","Objeto":"CONTRATA\u00c7\u00c3O DE SERVI\u00c7OS T\u00c9CNICOS ESPECIALIZADOS DE ASSESSORIA NA \u00c1REA DE CONTROLE INTERNO (ALMOXARIFADO, PATRIM\u00d4NIO E COMBUST\u00cdVEL), JUNTO AO LEGISLATIVO MUNICIPAL DE SANTANA DO ACARA\u00da, NO PER\u00cdODO DE MAR\u00c7O A DEZEMBRO DE 2013","Data":"11\/03\/2013","Valor Estimado":"-","Situa\u00e7\u00e3o":"Fechada","\u00d3rg\u00e3o":"-","Publica\u00e7\u00e3o":"01\/03\/2013"},{"N\u00famero":"10.12.001\/2012","Modalidade":"Convite","Objeto":"AQUISI\u00c7\u00c3O DE BANCADA EM MDF E DIVIS\u00d3RIA EM VIDRO TEMPERADO PARA O PLEN\u00c1RIO DE VEREADORES DESTA CASA LEGISLATIVA","Data":"18\/12\/2012","Valor Estimado":"-","Situa\u00e7\u00e3o":"Fechada","\u00d3rg\u00e3o":"-","Publica\u00e7\u00e3o":"10\/12\/2012"}]