[{"N\u00famero":2175,"Exerc\u00edcio":2026,"Data":"13\/07\/2026","Descri\u00e7\u00e3o":"CRIA O N\u00daCLEO DE APOIO PEDAG\u00d3GICO ESPECIALIZADO 'ACOLHER - CUIDADO E INCLUS\u00c3O' (NAPE ACOLHER), VINCULADO A SECRETARIA MUNICIPAL DE EDUCADO DE SANTANA DO ACARA\u00da\/CE, AUTORIZA A EXECU\u00c7\u00c3O DE SUA OBRA DE CONSTRU\u00c7\u00c3O E D\u00c1 OUTRAS PROVIDENCIAS.","Categoria":"-"},{"N\u00famero":2174,"Exerc\u00edcio":2026,"Data":"27\/07\/2026","Descri\u00e7\u00e3o":"ABERTURA DE CR\u00c9DITO ADICIONAL ESPECIAL AO OR\u00c7AMENTO FISCAL. NAFE ACOLHER BOLSA INCENTIVO ARTE MUSICAL","Categoria":"-"},{"N\u00famero":2172,"Exerc\u00edcio":2026,"Data":"19\/06\/2027","Descri\u00e7\u00e3o":"PRA\u00c7A MARIA BORGES MONTEIRO NA RUA DR. MANOEL JOAQUIM EM SANTANA DO ACARA\u00da-CE","Categoria":"-"},{"N\u00famero":2171,"Exerc\u00edcio":2026,"Data":"19\/06\/2026","Descri\u00e7\u00e3o":"QUADRA ESPORTIVA RAIMUNDO PEREIRA DO NASCIMENTO LOCALIDADE LADEIRA VERMELHA EM SANTANA DO ACARA\u00da-CE","Categoria":"-"},{"N\u00famero":2170,"Exerc\u00edcio":2026,"Data":"14\/06\/2026","Descri\u00e7\u00e3o":"CRIA A MEDALHA DR. JOSE ARCANJO NETO PARA HOMENAGEAR, ATUALMENTE, PROFISSIONAIS DE SAUDE QUE TENHAM ATUACAO DESTACADA NO MUNICIPIO DE SANTANA DE ACARAU OU EM OUTRAS REGIOES, CASO SEJAM NATURAIS DESTA CIDADE.","Categoria":"-"},{"N\u00famero":2166,"Exerc\u00edcio":2026,"Data":"08\/06\/2026","Descri\u00e7\u00e3o":"DENOMINA OFICIALMENTE DE PRA\u00c7A FRANCISCO VALENTINO DE SOUZA A PRA\u00c7A LOCALIZADA NA MALHADA DOS BOIS NO MUNIC\u00cdPIO DE SANTANA DO ACARA\u00da\/CE","Categoria":"-"},{"N\u00famero":2165,"Exerc\u00edcio":2026,"Data":"27\/05\/2026","Descri\u00e7\u00e3o":"INSTITUI PROGRAMA EMPREENDE SANTANA AO MICROEMPREENDEDOR DE BAIXA RENDA DE SANTANA DO ACARA\u00da-CE","Categoria":"-"},{"N\u00famero":2164,"Exerc\u00edcio":2026,"Data":"27\/05\/2026","Descri\u00e7\u00e3o":"INSTITUI PROGRAMA JOVEM ATLETA SANTANENSE EM SANTANA DDO ACARA\u00da-CE","Categoria":"-"},{"N\u00famero":2163,"Exerc\u00edcio":2026,"Data":"27\/05\/2026","Descri\u00e7\u00e3o":"INSTITUI A OBRIEGATORIEDADE DE TREINAMENTO ANUAL SOBRE PROTOCOLOS DE SEGURAN\u00c7A, PREVEN\u00c7\u00c3O A SITUA\u00c7\u00c3O RISCO E CAPACITA\u00c7\u00c3O EM NO\u00c7\u00d5ES B\u00c1SICAS EM PRIMEIROS SOCORROS NO AMBIENTE ESCOLAR P\u00daBLICO E PRIVADO","Categoria":"-"},{"N\u00famero":2162,"Exerc\u00edcio":2026,"Data":"27\/05\/2026","Descri\u00e7\u00e3o":"RECONHECIMENTO DO WEELING OU ``GRAU\u00b4\u00b4 E DEMAIS MANOBRAS ESPORTIVAS NO MUNIC\u00cdPIO DE SANTANA DO ACARA\u00da-CE","Categoria":"-"},{"N\u00famero":2161,"Exerc\u00edcio":2026,"Data":"27\/05\/2026","Descri\u00e7\u00e3o":"PR\u00caMIO VALORIZA\u00c7\u00c3O PROFESSORES E ALUNOS SANTANA NOTA DO SPAECE","Categoria":"-"},{"N\u00famero":2160,"Exerc\u00edcio":2026,"Data":"27\/05\/2026","Descri\u00e7\u00e3o":"OBRIGA CONCESSION\u00c1RIAS DE ABSTECIMENTO DE \u00c1GUA A INFORMAR PERIDIOCIDADE DE LIMPEZA E LAVAGEM DOS RESERVAT\u00d3RIOS","Categoria":"-"},{"N\u00famero":2159,"Exerc\u00edcio":2026,"Data":"27\/05\/2026","Descri\u00e7\u00e3o":"PROGRAMA A PRA\u00c7A \u00c9 NOSSA COM ADO\u00c7\u00c3O DE ESPA\u00c7OS P\u00daBLICOS PELA INICIATIVA PRIVADA","Categoria":"-"},{"N\u00famero":2158,"Exerc\u00edcio":2026,"Data":"08\/06\/2026","Descri\u00e7\u00e3o":"DISP\u00d5E SOBRE AS DIRETRIZES E BASES PARA A ELABORA\u00c7\u00c3O DA LEI DIRETRIZES OR\u00c7AMENT\u00c1RIA - LDO DO EXERC\u00cdCIO FINANCEIRO DE 2027","Categoria":"-"},{"N\u00famero":2157,"Exerc\u00edcio":2026,"Data":"21\/05\/2026","Descri\u00e7\u00e3o":"BOLSA MU\u0301SICOS","Categoria":"-"},{"N\u00famero":2156,"Exerc\u00edcio":2026,"Data":"12\/05\/2026","Descri\u00e7\u00e3o":"DENOMINA FRANCISCA ALVES FERREIRA O SANTU\u00c1RIO ROSA M\u00cdSTICA  PRA\u00c7A BAIRRO JERIC\u00d3 SANTANA DO ACARA\u00da-CE","Categoria":"-"},{"N\u00famero":2155,"Exerc\u00edcio":2026,"Data":"12\/05\/2026","Descri\u00e7\u00e3o":"ATENDIM. PRIORIT. PESSOAS PESSOAS ESPECTRO AUTISTA SANTANA DO ACARA\u00da-CE","Categoria":"-"},{"N\u00famero":2154,"Exerc\u00edcio":2026,"Data":"12\/05\/2026","Descri\u00e7\u00e3o":"INCENTIVO FINANC. ACSs 2026 SANTANA DO ACARA\u00da-CE","Categoria":"-"},{"N\u00famero":2153,"Exerc\u00edcio":2026,"Data":"23\/04\/2026","Descri\u00e7\u00e3o":"DENOMINA OFICIALMENTE A RODOVIARIA PUBLICA MUNICIPAL DE SANTANA DO ACARAU DE JOSE TARCISIO SOUZA, NO MUNICIPIO DE SANTANA DO ACARAU\/CE, E DA OUTRAS PROVIDENCIAS.","Categoria":"-"},{"N\u00famero":2152,"Exerc\u00edcio":2026,"Data":"23\/04\/2026","Descri\u00e7\u00e3o":"23\/04\/2026  31\r\n\r\nDISPOE SOBRE A INSTITUICAO MEDALHA DO MERITO CULTURAL ARTISTA PLASTICO AUDIFAX RIOS, NA FORMA QUE INDICA, E DA OUTRAS PROVIDENCIAS.","Categoria":"-"},{"N\u00famero":2151,"Exerc\u00edcio":2026,"Data":"23\/04\/2026","Descri\u00e7\u00e3o":"ALTERA A LEI MUNICIPAL 2150\/2026 QUE CRIOU A COMENDA DE HONRA AO MERITO CHICO GUEDES NO MUNICIPIO DE SANTANA DO ACARAU E DA OUTRAS PROVIDENCIAS.","Categoria":"-"},{"N\u00famero":2150,"Exerc\u00edcio":2026,"Data":"07\/04\/2026","Descri\u00e7\u00e3o":"CRIA A COMENDA DE HONRA AO\r\nM\u00c9RITO \u201cCHICO GUEDES\u201d NO\r\nMUNIC\u00cdPIO DE SANTANA DO ACARA\u00da E\r\nD\u00c1 OUTRAS PROVID\u00caNCIAS","Categoria":"-"},{"N\u00famero":2149,"Exerc\u00edcio":2026,"Data":"01\/04\/2026","Descri\u00e7\u00e3o":"CRIA O CENTRO DE ESTUDOS\r\nESPECIALIZADOS EM SA\u00daDE HOSPITALAR\r\nJOS\u00c9 AMAURI ARA\u00daJO NA ASSOCIA\u00c7\u00c3O DOS\r\nACSs E ACEs EM SANTANA DO ACARA\u00da-CE NA\r\nFORMA QUE INDICA E D\u00c1 OUTRAS\r\nPROVID\u00caNCIAS","Categoria":"-"},{"N\u00famero":2148,"Exerc\u00edcio":2026,"Data":"01\/04\/2026","Descri\u00e7\u00e3o":"INSTITUI NO CALEND\u00c1RIO OFICIAL DE\r\nEVENTOS MUNICIPAIS O \u201cTRILHA DO JUDAS\u201d E\r\nO \u201cTRILH\u00c3O SANTANA\u201d, CRIANDO OS INCISOS L\r\nE LI DA LEI N\u00ba 2066\/2024, NA FORMA QUE INDICA\r\nE D\u00c1 OUTRAS PROVID\u00caNCIAS","Categoria":"-"},{"N\u00famero":2147,"Exerc\u00edcio":2026,"Data":"01\/04\/2026","Descri\u00e7\u00e3o":"INSTITUI NO CALEND\u00c1RIO OFICIAL DE\r\nEVENTOS MUNICIPAIS O \u201cS\u00c3O JO\u00c3O DA DONA\r\nPENHA\u201d E A \u201cTRADICIONAL DERRUBADA DO\r\nJUDAS DO RICARDO\u201d, CRIANDO OS INCISOS\r\nXLVIII E XLIX DA LEI N\u00ba 2066\/2024, NA FORMA\r\nQUE INDICA E D\u00c1 OUTRAS PROVID\u00caNCIAS","Categoria":"-"},{"N\u00famero":2146,"Exerc\u00edcio":2026,"Data":"18\/03\/2026","Descri\u00e7\u00e3o":"CONCEDE REAJUSTE SALARIAL DE 40%\r\n(QUARENTA POR CENTO) NA\r\nREMUNERA\u00c7\u00c3O DOS ENGENHEIROS\r\nAGR\u00d4NOMOS, ENGENHEIRO DE PESCA E\r\nM\u00c9DICO VETERIN\u00c1RIO PERTENCENTES AO\r\nQUADRO DE SERVIDORES DO MUNIC\u00cdPIO DE\r\nSANTANA DO ACARA\u00da-CEAR\u00c1, E D\u00c1\r\nOUTRAS PROVID\u00caNCIAS","Categoria":"-"},{"N\u00famero":2145,"Exerc\u00edcio":2026,"Data":"04\/03\/2026","Descri\u00e7\u00e3o":"ALTERA A LEI N\u00ba 2.081, DE 20 DE FEVEREIRO DE\r\n2025, QUE DISP\u00d5E SOBRE O PISO SALARIAL PARA\r\nOS PROFISSIONAIS DO MAGIST\u00c9RIO P\u00daBLICO DA\r\nEDUCA\u00c7\u00c3O B\u00c1SICA DO MUNIC\u00cdPIO DE SANTANA\r\nDO ACARA\u00da\/CE PARA O EXERC\u00cdCIO DE 2026 E\r\nADOTA OUTRAS PROVID\u00caNCIAS","Categoria":"-"},{"N\u00famero":2144,"Exerc\u00edcio":2026,"Data":"23\/02\/2026","Descri\u00e7\u00e3o":"DISPOE SOBRE A REORGANIZACAO E FUNCIONAMENTO DO CONSELHO MUNICIPAL DOS DIREITOS DA CRIANCA E DO ADOLESCENTE DE SANTANA DO ACARAU, E DA OUTRAS PROVIDENCIAS.","Categoria":"-"},{"N\u00famero":2143,"Exerc\u00edcio":2026,"Data":"26\/02\/2026","Descri\u00e7\u00e3o":"DISPOE SOBRE A QUALIFICACAO DE PESSOAS JURIDICAS DE DIREITO PRIVADO, SEM FINS LUCRATIVOS \u00e2\u0080\u0093 OSCIPS, COMO ORGANIZACOES DA SOCIEDADE CIVIL DE INTERESSE PUBLICO, A CRIACAO DO PROGRAMA MUNICIPAL DE FOMENTO AO TERCEIRO SETOR INSTITUI E DISCIPLINA O TERMO DE PARCERIA, DO MUNICIPIO DE SANTANA DO ACARAU-CE, E DA OUTRAS PROVIDENCIAS.","Categoria":"-"},{"N\u00famero":2142,"Exerc\u00edcio":2025,"Data":"17\/12\/2025","Descri\u00e7\u00e3o":"CONCEDE REAJUSTE DE 30% (TRINTA POR CENTO) NA RENUMERACAO DOS MUSICOS CONTRATADOS OU PERTENCENTES AO QUADRO DE SERVIDORES DO MUNICIPIO DE SANTANA DO ACARAU, CEARA, E DA OUTRAS PROVIDENCIAS.","Categoria":"-"},{"N\u00famero":2141,"Exerc\u00edcio":2025,"Data":"08\/12\/2025","Descri\u00e7\u00e3o":"DISPOE SOBRE A CRIACAO DO HINO OFICIAL DO MUNICIPIO DE SANTANA DO ACARAU E DA OUTRAS PROVIDENCIAS.","Categoria":"-"},{"N\u00famero":2140,"Exerc\u00edcio":2025,"Data":"08\/12\/2025","Descri\u00e7\u00e3o":"DISPOE SOBRE A CRIACAO DO HINO OFICIAL DA ESCOLA MUNICIPAL ISAIAS COELHO DO NASCIMENTO NO DISTRITO DA BAIA DE SANTANA DO ACARAU E DA OUTRAS PROVIDENCIAS.","Categoria":"-"},{"N\u00famero":2139,"Exerc\u00edcio":2025,"Data":"05\/12\/2025","Descri\u00e7\u00e3o":"RECONHECE O GRANDE CONSELHAO COMUNITARIO COMO PATRIMONIO CULTURAL IMATERIAL DO MUNICIPIO DE SANTANA DO ACARAU E DA OUTRAS PROVIDENCIAS.","Categoria":"-"},{"N\u00famero":2138,"Exerc\u00edcio":2025,"Data":"21\/11\/2025","Descri\u00e7\u00e3o":"DENOMINA OFICIALMENTE DE \u00e2\u0080\u009cPRACA MARIA JOSE DE LIRA\u00e2\u0080\u009d, A PRACA LOCALIZADA NA LOCALIDADE DE FLORESTA, NO MUNICIPIO DE SANTANA DO ACARAU\/CE, E DA OUTRAS PROVIDENCIAS.","Categoria":"-"},{"N\u00famero":2137,"Exerc\u00edcio":2025,"Data":"17\/11\/2025","Descri\u00e7\u00e3o":"DENOMINA OFICIALMENTE DE A PRACA JOSE OTAVIO DA COSTA, A PRACA LOCALIZADA NO DISTRITO DE BARRO PRETO, NO MUNICIPIO DE SANTANA DO ACARAU\/CE, E DA OUTRAS PROVIDENCIAS.","Categoria":"-"},{"N\u00famero":2136,"Exerc\u00edcio":2025,"Data":"12\/11\/2025","Descri\u00e7\u00e3o":"ACRESCENTA VAGAS EM CADASTRO RESERVA AO CONCURSO PUBLICO AUTORIZADO PELA LEI MUNICIPAL N 2116\/2025 E DA OUTRAS PROVIDENCIAS","Categoria":"-"},{"N\u00famero":2135,"Exerc\u00edcio":2025,"Data":"04\/12\/2025","Descri\u00e7\u00e3o":"DISPOE SOBRE O PROGRAMA DE RECUPERACAO FISCAL DE SANTANA DO ACARAU\/CE (REFIS 2025), E DA OUTRAS PROVIDENCIAS.","Categoria":"-"},{"N\u00famero":2134,"Exerc\u00edcio":2025,"Data":"24\/10\/2025","Descri\u00e7\u00e3o":"ACRESCENTA O ANEXO DE ATRIBUICOES DOS CARGOS A LEI MUNICIPAL N 2.084, DE 28 DE MARCO DE 2025, QUE DISPOE SOBRE A REESTRUTURACAO ADMINISTRATIVA DA PREFEITURA MUNICIPAL DE SANTANA DO ACARAU E DA OUTRAS PROVIDENCIAS.","Categoria":"-"},{"N\u00famero":2133,"Exerc\u00edcio":2025,"Data":"24\/10\/2025","Descri\u00e7\u00e3o":"DISPOE SOBRE A MODIFICA\u00c7\u00c3O DA LEI MUNICIPAL N 1.934\/2022, QUE REGULAMENTA O PROCESSO SELETIVO SIMPLIFICADO PARA CONTRATACOES POR TEMPO DETERMINADO NO AMBITO DO MUNICIPIO DE SANTANA DO ACARAU\/CE, E DA OUTRAS PROVIDENCIAS.","Categoria":"-"},{"N\u00famero":2131,"Exerc\u00edcio":2025,"Data":"17\/10\/2025","Descri\u00e7\u00e3o":"DENOMINA A PRACA PUBLICA ANTONIO VICENTE DE MARIA, NA LOCALIDADE LAGOA DO SERROTE, EM SANTANA DO ACARAU-CE E DA OUTRAS PROVIDENCIAS.","Categoria":"-"},{"N\u00famero":2129,"Exerc\u00edcio":2025,"Data":"02\/10\/2025","Descri\u00e7\u00e3o":"AUTORIZA A ADMINISTRACAO PUBLICA A CONSTRUCAO DA ARENINHA DO QUADRANCULO CENTRAL DA LOCALIDADE DE INGA NO MUNICIPIO DE SANTANA DO ACARAU-CE.","Categoria":"-"},{"N\u00famero":2128,"Exerc\u00edcio":2025,"Data":"02\/10\/2025","Descri\u00e7\u00e3o":"AUTORIZA A CONSTRUCAO DE PRACA PUBLICA DE FRENTE A IGREJA SAO JOSE NA LOCALIDADE DE INGA NO MUNICIPIO DE SANTANA DO ACARAU-CE","Categoria":"-"},{"N\u00famero":2127,"Exerc\u00edcio":2025,"Data":"02\/10\/2025","Descri\u00e7\u00e3o":"CONSIDERA UTILIDADE PUBLICA A ACASA-(ASSOCIACAO DE CATADORES E CATADORAS DE MATERIAIS RECICLAVEIS) NO MUNICIPIO DE SANTANA DO ACARAU-CE QUE INDICA E DA OUTRAS PROVIDENCIAS.","Categoria":"-"},{"N\u00famero":2126,"Exerc\u00edcio":2025,"Data":"25\/09\/2025","Descri\u00e7\u00e3o":"DISPOE SOBRE A COLABORACAO DA SOCIEDADE CIVIL NA RESTAURACAO. CONSERVACAO E MANUTENCAO DE BUSTOS, MONUMENTOS E OUTROS BENS MATERIAIS DO PATRIMONIO HISTORICO E CULTURAL DO MUNICIPIO DE SANTANA DO ACARAU, E DA OUTRAS PROVIDENCIAS.","Categoria":"-"},{"N\u00famero":2125,"Exerc\u00edcio":2025,"Data":"16\/09\/2025","Descri\u00e7\u00e3o":"DISPOE SOBRE A INCLUSAO DA FESTA DE SAO FRANCISCO DE ASSIS, REALIZADA ANUALMENTE NO DISTRITO DE PARAPUI, NO CALENDARIO OFICIAL DE EVENTOS DO MUNICIPIO DE SANTANA DO ACARAU - CE, E DA OUTRAS PROVIDENCIAS.","Categoria":"-"},{"N\u00famero":2124,"Exerc\u00edcio":2025,"Data":"16\/09\/2025","Descri\u00e7\u00e3o":"DENOMINA OFICIALMENTE TRES RUAS NO DISTRITO DE CHORA, NO MUNICIPIO DE SANTANA DO ACARAU\/CE, E DA OUTRAS PROVIDENCIAS.","Categoria":"-"},{"N\u00famero":2123,"Exerc\u00edcio":2025,"Data":"16\/09\/2025","Descri\u00e7\u00e3o":"INSTITUI NO CALENDARIO OFICIAL DE EVENTOS MUNICIPAIS O \"TORNEIO DE PENALTIS\", NA FORMA QUE INDICA E DA OUTRAS PROVIDENCIAS.","Categoria":"-"},{"N\u00famero":2122,"Exerc\u00edcio":2025,"Data":"01\/10\/2025","Descri\u00e7\u00e3o":"DISPOE SOBRE DENOMINACAO OFICIAL DE PRACA PADRE IBIAPINA E SANTUARIO N. SRa SANTANA, DEFRONTE AO CEMITERIO SAO JOAO BATISTA, BEM COMO RECUPERACAO DO BUSTO PE. IBIAPINA.","Categoria":"-"},{"N\u00famero":2121,"Exerc\u00edcio":2025,"Data":"17\/09\/2025","Descri\u00e7\u00e3o":"DISPOE SOBRE O REAJUSTE SALARIAL DO PISO DO MAGISTERIO DE 2025, DOS PROFESSORES EFETIVOS E TEMPORARIOS ; PEDAGOGOS DA REDE PUBLICA MUNICIPAL DE ENSINO DE SANTANA DO ACARAU E SOBRE A ALTERACAO DO SALARIO-BASE DOS SECRETARIOS ESCOLARES, E DA OUTRAS PROVIDENCIAS.","Categoria":"-"},{"N\u00famero":2119,"Exerc\u00edcio":2025,"Data":"11\/09\/2025","Descri\u00e7\u00e3o":"INSTITUI E DENOMINA O BANCO DE SANGUE DO HOSPITAL MUNICIPAL DR. JOSE ARCANJO NETO DE JOSE ALFEU DE VASCONCELOS NO MUNICIPIO DE SANTANA DO ACARAU-CE, E DA OUTRAS PROVIDENCIAS.","Categoria":"-"},{"N\u00famero":2116,"Exerc\u00edcio":2025,"Data":"05\/09\/2025","Descri\u00e7\u00e3o":"AUTORIZA A REALIZACAO DE CONCURSO PUBLICO NO AMBITO DA ADMINISTRACAO MUNICIPAL E DA OUTRAS PROVIDENCIAS","Categoria":"-"},{"N\u00famero":2115,"Exerc\u00edcio":2025,"Data":"15\/08\/2025","Descri\u00e7\u00e3o":"DENOMINA OFICIALMENTE DUAS RUAS NO DISTRITO DE SAPO, NO MUNICIPIO DE SANTANA DO ACARAU\/CE, E DA OUTRAS PROVIDENCIAS","Categoria":"-"},{"N\u00famero":2114,"Exerc\u00edcio":2025,"Data":"07\/08\/2025","Descri\u00e7\u00e3o":"DISPOE SOBRE A AUTORIZADO PARA ABERTURA DE CREDITO ADICIONAL ESPECIAL AO VIGENTE ORNAMENTO FISCAL E DA OUTRAS PROVIDENCIAS.","Categoria":"-"},{"N\u00famero":2113,"Exerc\u00edcio":2025,"Data":"20\/08\/2025","Descri\u00e7\u00e3o":"BUSTO EM HOMENAGEM AO DR. GERARDO MAGELA PONTE JUNIOR, HOJE PATRIMONIO IMATERIAL E CULTURAL IN MEMORIAN DA FAMILIA EM SANTANA DO ACARAU\/CE - CE.","Categoria":"-"},{"N\u00famero":2112,"Exerc\u00edcio":2025,"Data":"20\/06\/2025","Descri\u00e7\u00e3o":"ALTERA A LEI MUNICIPAL N 2.080\/2025 PARA CRIAR CARGOS EM COMISSAO E DA OUTRAS PROVIDENCIAS.","Categoria":"-"},{"N\u00famero":2110,"Exerc\u00edcio":2025,"Data":"20\/06\/2025","Descri\u00e7\u00e3o":"PRORROGA A VIGENCIA DO PLANO MUNICIPAL DE EDUCACAO DE SANTANA DO ACARAU, APROVADO POR MEIO DA LEI MUNICIPAL N 895\/2025 DE 23 DE JUNHO DE 2015.","Categoria":"-"},{"N\u00famero":2109,"Exerc\u00edcio":2025,"Data":"20\/06\/2025","Descri\u00e7\u00e3o":"INSTITUI A POLITICA DE EDUCACAO INTEGRAL DA REDE DE ENSINO MUNICIPAL DO MUNICIPIO DE SANTANA DO ACARAU, E DA OUTRAS PROVIDENCIAS.","Categoria":"-"},{"N\u00famero":2108,"Exerc\u00edcio":2025,"Data":"30\/05\/2025","Descri\u00e7\u00e3o":"MODIFICA A COMPOSICAO DO CONSELHO MUNICIPAL DE EDUCACAO DE SANTANA DO ACARAU\/CE CRIADO PELA LEI MUNICIPAL N 368 DE 20 DE NOVEMBRO DE 1997 E ALTERADO PELA LEI N 704 DE 13 DE ABRIL DE 2010, E DA OUTRAS PROVIDENCIAS.","Categoria":"-"},{"N\u00famero":2107,"Exerc\u00edcio":2025,"Data":"30\/05\/2025","Descri\u00e7\u00e3o":"ALTERA A LEI MUNICIPAL N 1821\/2021, DE 03 DE SETEMBRO DE 2021 (DISTRITO INDUSTRIAL DE SANTANA DO ACARAU-CE), EM SEUS ARTIGOS 2,5,7,9 E D\u00c1 OUTRAS PROVIDENCIAS.","Categoria":"-"},{"N\u00famero":2103,"Exerc\u00edcio":2025,"Data":"22\/05\/2025","Descri\u00e7\u00e3o":"ALTERA A LEI MUNICIPAL N\u00ba 795, 12 DE DEZEMBRO DE 2013 A QUAL REGULAMENTA A LEI FEDERAL N\u00ba 12.527\/2011, PARA DISPOR SOBRE O ACESSO \u00c0 INFORMA\u00c7\u00c3O NO \u00c2MBITO DO PODER EXECUTIVO DO MUNICIPIO DE SANTANA DO ACARA\u00da - CE.","Categoria":"-"},{"N\u00famero":2100,"Exerc\u00edcio":2025,"Data":"24\/04\/2025","Descri\u00e7\u00e3o":"DENOMINA ARENINHA ANT\u00d4NIO ALEF DOS SANTOS (ALEF SANTOS), NA LOCALIDADE DE AROEIRAS, ZONA ADMINISTRATIVA IX, EM SANTANA DO ACARA\u00da-CE E D\u00c1 OUTRAS PROVID\u00caNCIAS.","Categoria":"-"},{"N\u00famero":2097,"Exerc\u00edcio":2025,"Data":"16\/04\/2025","Descri\u00e7\u00e3o":"DENOMINA OFICIALMENTE DE \"PRA\u00c7A JO\u00c3O BATISTA DO MONTE\", A PRA\u00c7A ll DO BAIRRO JO\u00c3O ALFREDO ll, NO MUNIC\u00cdPIO DE SANTANA DO ACARA\u00da\/CE, E D\u00c1 OUTRAS PROVID\u00caNCIAS.","Categoria":"-"},{"N\u00famero":2097,"Exerc\u00edcio":2025,"Data":"16\/04\/2025","Descri\u00e7\u00e3o":"REVIS\u00c3O SALARIAL CONSELHEIROS TUTELARES DE SANTANA DO ACARA\u00da-CE","Categoria":"-"},{"N\u00famero":2095,"Exerc\u00edcio":2025,"Data":"16\/04\/2025","Descri\u00e7\u00e3o":"DENOMINA OFICIALMENTE DE \"RUA ANT\u00d4NIO JULIO DE MARIA\", A PRIMEIRA RUA URBANIZADA DA LOCALIDADE DE PAUS BRANCOS, NO MUNIC\u00c3\u008dPIO DE SANTANA DO ACARA\u00da\/CE, E D\u00c1 OUTRAS PROVID\u00caNCIAS.","Categoria":"-"},{"N\u00famero":2094,"Exerc\u00edcio":2025,"Data":"16\/04\/2025","Descri\u00e7\u00e3o":"DENOMINA DE CONCEI\u00c7\u00c3O TAG\u00c3LA DOS SANTOS, A NOVA PRA\u00c7A LOCALIZADA NO DISTRITO MUTAMBEIRAS(PROXIMO A ESCADARIA), ZONA RURAL DO MUNIC\u00cdPIO DE SANTANA DO ACARA\u00da\/CE, E D\u00c1 OUTRAS PROVID\u00caNCIAS.","Categoria":"-"},{"N\u00famero":2093,"Exerc\u00edcio":2025,"Data":"31\/03\/2025","Descri\u00e7\u00e3o":"ALTERA O ANEXO II DA LEI N\u00ba 2080-2025-ESTRUTURAA DA C\u00c2MARA MUNICIPAL DE SANTANA DO ACARA\u00da-CE","Categoria":"-"},{"N\u00famero":2092,"Exerc\u00edcio":2025,"Data":"28\/03\/2025","Descri\u00e7\u00e3o":"DENOMINA OFICIALMENTE PRA\u00c7A JOS\u00c9 SABINO DE VASCONCELOS A PRA\u00c7A LOCALIZADA DE FRENTE A UBS DO DISTRITO DA BAIA EM SANTANA DO ACARA\u00da-CE.","Categoria":"-"},{"N\u00famero":2091,"Exerc\u00edcio":2025,"Data":"28\/03\/2025","Descri\u00e7\u00e3o":"POL\u00cdTICA MUNICIPAL PARA COMPRAS DA AGRICULTURA FAMILIAR E EMPREENDIMENTOS FAMILIARES RURAAIS DE SANTANA DDDO ACARA\u00da-CE.","Categoria":"-"},{"N\u00famero":2090,"Exerc\u00edcio":2025,"Data":"17\/03\/2025","Descri\u00e7\u00e3o":"DENOMINA OFICIALMENTE AS PRIMEIRAS OITO RUAS DO DISTRITO DE BAIA EM SANTANA DO ACARAU-CE.","Categoria":"-"},{"N\u00famero":2089,"Exerc\u00edcio":2025,"Data":"17\/03\/2025","Descri\u00e7\u00e3o":"DENOMINA DE JOS\u00c9 RRIBAMAR FILHO-CRUZEIRO- PRA\u00c7A NO BAIRRO JO\u00c3O ALFREDO II EM SANTANA DO ACARA\u00da-CE.","Categoria":"-"},{"N\u00famero":2086,"Exerc\u00edcio":2025,"Data":"17\/03\/2025","Descri\u00e7\u00e3o":"DENOMINA C\u00cdCERO DOMINGOS DA SILVA. A PRA\u00c7A LOCAALIZADA DE FRENTE AO CEMIT\u00c9RIO LOCALIZADO NO DISTRITO DE MUTAMBEIRAS EEM SANTANA DO ACARA\u00da-CE.","Categoria":"-"},{"N\u00famero":2085,"Exerc\u00edcio":2025,"Data":"17\/03\/2025","Descri\u00e7\u00e3o":"CRIA\u00c7\u00c3O DE DIRETRIZES DE POL\u00cdTICAS VOLTADAS PARA A PRIMEIRA INF\u00c2NCIA, COM ATEN\u00c7\u00c3O PRIORRIT\u00c1RIA AS CRRIAN\u00c7AS COM NECESSIDADES ESSPECIAIS NO MUNIC\u00cdPIO DE SANTANA DO ACARA\u00da-CE.","Categoria":"-"},{"N\u00famero":2084,"Exerc\u00edcio":2025,"Data":"28\/03\/2025","Descri\u00e7\u00e3o":"REESTRUTURA ADIMINISTRATIVA P\u00daBLICA DA PREFEITURA MUNICIPAL DE SANTANA DO ACARA\u00da D0 ANO DE 2025.","Categoria":"-"},{"N\u00famero":2084,"Exerc\u00edcio":2025,"Data":"28\/03\/2025","Descri\u00e7\u00e3o":"DISPOE SOBRE A REESTRUTURACAO ADMINISTRATIVA E CRIACAO DE CARGOS COMISSIONADOS NA ADMINISTRACAO PUBLICA MUNICIPAL DE SANTANA DO ACARAU, A CARGO DO PODER EXECUTIVO E DA OUTRAS PROVIDENCIAS.","Categoria":"-"},{"N\u00famero":2083,"Exerc\u00edcio":2025,"Data":"26\/03\/2025","Descri\u00e7\u00e3o":"INSTITUI A ATEN\u00c7\u00c3O PRIM\u00c1RIA NO MUNIC\u00cdPIO DE SANTANA DO ACARA\u00da-CE NAS EQUIPES DE APS, ESB, ESF, EAP E EMULTI.","Categoria":"-"},{"N\u00famero":2082,"Exerc\u00edcio":2025,"Data":"20\/02\/2025","Descri\u00e7\u00e3o":"DENOMINA DE SANTA LUZIA, A PRA\u00c7A LOCALIZADA NA LOCALIDADE DE TANQUES, NA ZONA RURAL DE SANTANA DO ACARAU.","Categoria":"-"},{"N\u00famero":2081,"Exerc\u00edcio":2025,"Data":"20\/02\/2025","Descri\u00e7\u00e3o":"ALTERA LEI N\u00ba 20239\/2024 DE 11 DE MAR\u00c7O DE 2024, QUE DISPOE SOBRE O PISO SALARIAL PARA OS PROFISSIONAIS DO MAGISTERIO PUBLICO DA EDUCA\u00c7AO BASICA DO MUNICIPIO DE SANTANA DO ACARAU.","Categoria":"-"},{"N\u00famero":2080,"Exerc\u00edcio":2025,"Data":"30\/01\/2025","Descri\u00e7\u00e3o":"DISP\u00d5E SOBRE A ORGANIZA\u00c7\u00c3O E ESTRUTURA ADMINISTRATIVA DA C\u00c2MARA MUNICIPAL DE SANTANA DO ACARA\u00da - CE E D\u00c1 OUTRAS PROVID\u00caNCIAS","Categoria":"-"},{"N\u00famero":2079,"Exerc\u00edcio":2025,"Data":"20\/01\/2025","Descri\u00e7\u00e3o":"DISPOE SOBRE A IMPLANTA\u00c7\u00c3O, NO MUNICIPIO DE SANTANA DO ACARAU\/CE, DE POLO UNIVERSITARIO DE APOIO PRESENCIAL DA UNIVERSEIDADE ABERTA DO BRASIL (UAB).","Categoria":"-"},{"N\u00famero":2078,"Exerc\u00edcio":2025,"Data":"20\/01\/2025","Descri\u00e7\u00e3o":"CRIA OS COMPONENTES DO MUNICIPIO DE SANTANA DO ACARAU, ESTADO DO CEARA DO SISTEMA NACIONAL DE SEGURAN\u00c7A ALIMENTAR - SISAN.","Categoria":"-"},{"N\u00famero":2011,"Exerc\u00edcio":2025,"Data":"20\/06\/2025","Descri\u00e7\u00e3o":"DENOMINA OFICIALMENTE DE JOAO OLIVIO MEGALE SOBRINHO O DISTRITO INDUSTRIAL CRIADO PELA LEI MUNICIPAL N 1891\/2021 DO MUNICIPIO DE SANTANA DO ACARAU\/CE, E DA OUTRAS PROVIDENCIAS.","Categoria":"-"},{"N\u00famero":2075,"Exerc\u00edcio":2024,"Data":"06\/03\/2025","Descri\u00e7\u00e3o":"AUTORIZA PODER EXECUTIVO CONSTRUIR BUSTO EM HOMENAGEM AO DR. EDNARDO UCH\u00d4A NA PRA\u00c7A DE FRENTE AO HOSPITAL MUNICIPAL DE SANTANA DO ACARA\u00da-CE","Categoria":"-"},{"N\u00famero":2071,"Exerc\u00edcio":2024,"Data":"14\/10\/2024","Descri\u00e7\u00e3o":"ALTERA LIMITE DE CREDITO ADICIONAIS SUPLEMENTARES AO OR\u00c7AMENTO 2024 EM 20%. LEI 2025-2023.","Categoria":"-"},{"N\u00famero":2070,"Exerc\u00edcio":2024,"Data":"10\/07\/2024","Descri\u00e7\u00e3o":"REVOGA INTEGRALMENTE A LEI MUNICIPAL N\u00ba 2029-2024. CONTRATA\u00c7\u00d5ES PROFISSIONAIS","Categoria":"-"},{"N\u00famero":2069,"Exerc\u00edcio":2024,"Data":"28\/06\/2024","Descri\u00e7\u00e3o":"DISP\u00d5E SOBRE OBRIG. DE BARES, RESTAURANTES, CASAS NOTURNAS EM SANTANA DO ACARA\u00da-CE ADOTAREM MEDIDAS DE AUX\u00cdLIO A MULHERES EEE PESSOAS LGBTQIAPN+ EM SITUA\u00c7\u00d5ES DE RISCO.","Categoria":"-"},{"N\u00famero":2068,"Exerc\u00edcio":2024,"Data":"28\/06\/2024","Descri\u00e7\u00e3o":"DISP\u00d5E SOBRE A DATA DE 16 DE JUNHO AO DIA DA PROMESSA A SANTA ANNA NO MUNIC\u00cdPIO DE SANTANA DDO ACARA\u00da-CE","Categoria":"-"},{"N\u00famero":2067,"Exerc\u00edcio":2024,"Data":"28\/06\/2024","Descri\u00e7\u00e3o":"INSTITUI NO MUNIC\u00cdPIO DE SANTANA DO ACARA\u00da-CE O FESTIVAL MUNICIPAL DE QUADRILHAS JUNINAS DENOMINADO SANTANA JUNINO.","Categoria":"-"},{"N\u00famero":2066,"Exerc\u00edcio":2024,"Data":"28\/06\/2024","Descri\u00e7\u00e3o":"DISP\u00d5E SOBRE A OFICIALIZA\u00c7\u00c3O DO CALEND\u00c1RIO CULTURAL E DESPORTIVO DO MUNIC\u00cdPIO DE SANTANA DO ACARA\u00da-CE.","Categoria":"-"},{"N\u00famero":2065,"Exerc\u00edcio":2024,"Data":"28\/06\/2024","Descri\u00e7\u00e3o":"DISP\u00d5E SOBRE A CRIA\u00c7\u00c3O DO FUNDO MUNICIPAL DE CULTURA DE SANTANA DO ACARA\u00da-CE.","Categoria":"-"},{"N\u00famero":2065,"Exerc\u00edcio":2024,"Data":"17\/06\/2024","Descri\u00e7\u00e3o":"DENOMINA CAL\u00c7AD\u00c3O MANOEL MESSIAS MENDES NO DISTRITO DE MUTAMBEIRAS EEM SANTANA DO ACARA\u00da-CE.","Categoria":"-"},{"N\u00famero":2064,"Exerc\u00edcio":2024,"Data":"24\/06\/2024","Descri\u00e7\u00e3o":"ACRESCENTA NOVA VIG\u00caNCIA NA LEI N\u00ba 2026-2023. COMODATOS 2024","Categoria":"-"},{"N\u00famero":2063,"Exerc\u00edcio":2024,"Data":"24\/06\/2024","Descri\u00e7\u00e3o":"DISP\u00d5E SOBRE A FIXA\u00c7\u00c3O DOS SUBS\u00cdDIOS DO PREFEITO, VICE-PREFEITO E SECRET\u00c1RIOS MUNICIPAISDE SANTANA DO ACARA\u00da-CE PARA 2025-2028.","Categoria":"-"},{"N\u00famero":2060,"Exerc\u00edcio":2024,"Data":"24\/06\/2024","Descri\u00e7\u00e3o":"DISP\u00d5E SOBRE FIXA\u00c7\u00c3O DOS SUBS\u00cdDIOS VEREADORESS 2025-2028.","Categoria":"-"},{"N\u00famero":2058,"Exerc\u00edcio":2024,"Data":"17\/06\/2024","Descri\u00e7\u00e3o":"PROGRAMA PRIMEIRO EMPREGO COM ISS REDUZIDO PARA A EMPRESA CONTRATANTE EM SANTANA DO ACARA\u00da-CE.","Categoria":"-"},{"N\u00famero":2057,"Exerc\u00edcio":2024,"Data":"17\/06\/2024","Descri\u00e7\u00e3o":"DENOMINA GERALDO ZACARIAS FERREIRA A RUA PRIMEIRA PERPENDICULAR A RUA JEREMIAS FLEURY DEEEEE VASC.","Categoria":"-"},{"N\u00famero":2056,"Exerc\u00edcio":2024,"Data":"17\/06\/2024","Descri\u00e7\u00e3o":"DEOMINA PRA\u00c7A RAIMUNDO NONATO DE MARIA-DOCA ZEFIRNO- LOCALIZADA NO CROAT\u00c1 DISTRITO DE MUTAMBEIRAS.","Categoria":"-"},{"N\u00famero":2054,"Exerc\u00edcio":2024,"Data":"17\/06\/2024","Descri\u00e7\u00e3o":"DENOMINA ARENINHA MARIA DO SOCORRO ARA\u00daJO-SOCORRO DO EUDIN- LOCALIZADA NO BAIRRO JO\u00c3O ALFREDO EM SANTANA DO ACARA\u00da-CE.","Categoria":"-"},{"N\u00famero":2053,"Exerc\u00edcio":2024,"Data":"17\/06\/2024","Descri\u00e7\u00e3o":"DEOMINA PRA\u00c7A ANT\u00d4NIO MARTINS DOSS SANTOS-ANT\u00d4NIO AVELINO-LOCALIZADA NO CHORA EEM SANTANA DO ACARA\u00da-CE.","Categoria":"-"},{"N\u00famero":2052,"Exerc\u00edcio":2024,"Data":"27\/05\/2024","Descri\u00e7\u00e3o":"PROGRAMA VACINA\u00c7\u00c3O ESCOLAS PUBLICAS E PRIVADAS ENSINO INF. E FUND. SANTANA DO ACARA\u00da-CE.","Categoria":"-"},{"N\u00famero":2051,"Exerc\u00edcio":2024,"Data":"20\/05\/2024","Descri\u00e7\u00e3o":"DENOMINA PEDRO CELESTINO DOS SANTOS-PEDRO CABOCLO- ESPA\u00c7O P\u00daBLICO-PASSEIO- BAIRRO PEDREGAL EM SANTANA DO ACARA\u00da-CE.","Categoria":"-"},{"N\u00famero":2050,"Exerc\u00edcio":2024,"Data":"20\/05\/2024","Descri\u00e7\u00e3o":"DENOMINA ARENINHA EXPEDITO FERREIRA BRAZ LOC.BOM JARDIM EM SANTANA DO ACARA\u00da-CE","Categoria":"-"},{"N\u00famero":2049,"Exerc\u00edcio":2024,"Data":"20\/05\/2024","Descri\u00e7\u00e3o":"DENOMINA PRA\u00c7A ANT\u00d4NIO FERREIRA BRAZ LOC. BOM JARDIM EM SANTANA DO ACARA\u00da-CE.","Categoria":"-"},{"N\u00famero":2048,"Exerc\u00edcio":2024,"Data":"13\/05\/2024","Descri\u00e7\u00e3o":"CRIA\u00c7\u00c3O DO COSELHO, POL\u00cdTICA E FUNDO MUNIC. DO IDOSO REVOGANDO ARTS 3\u00ba,6\u00ba,7\u00ba,8\u00ba,9\u00ba LEI N\u00ba 722-2013 EM SANTANA DO ACARA\u00da-CE.","Categoria":"-"},{"N\u00famero":2047,"Exerc\u00edcio":2024,"Data":"30\/04\/2024","Descri\u00e7\u00e3o":"DENOMINA PRA\u00c7A P\u00daBLICA RAIMUNDO PARENTE ROCHA NO MUCAAMBO EM MUTAMBEIRAS NA CIDADE DE SANTANA DO ACARA\u00da-CE.","Categoria":"-"},{"N\u00famero":2046,"Exerc\u00edcio":2024,"Data":"30\/04\/2024","Descri\u00e7\u00e3o":"REVOGA A LEI N\u00ba 788-2013 E INSTITUI A SEMANA DA AGRICULTURA FAMILIAR NO MUNIC\u00cdPIO DE SANTANA DO ACARA\u00da-CE.","Categoria":"-"},{"N\u00famero":2045,"Exerc\u00edcio":2024,"Data":"30\/04\/2024","Descri\u00e7\u00e3o":"LIMITA O N\u00daMERO DE ALUNOS NAS SALAS DE AULA QUE MATRICULAM ALUNOS COM NECESSIDADES ESPECIAIS.","Categoria":"-"},{"N\u00famero":2044,"Exerc\u00edcio":2024,"Data":"30\/04\/2024","Descri\u00e7\u00e3o":"DENOMINA RUA MAIRENE QUEIROZ DE FARIAS NO BAIRRO PEDREGAL EM SANTANA DO ACARA\u00da-CE.","Categoria":"-"},{"N\u00famero":2043,"Exerc\u00edcio":2024,"Data":"08\/04\/2024","Descri\u00e7\u00e3o":"INSTITUINDO A SEMANA MUNICIPAL DA JUVENTUDE INCLUINDO OS PODERES P\u00daBLICOS MUNICIPAAIS.","Categoria":"-"},{"N\u00famero":2041,"Exerc\u00edcio":2024,"Data":"11\/03\/2024","Descri\u00e7\u00e3o":"DISP\u00d5E SOBRE A CRIA\u00c7\u00c3O DO PROGRAMA EDUCA\u00c7\u00c3O NO TR\u00c2NSITO NO MUNIC\u00cdPIO DE SANTANA DO ACARA\u00da-CE.","Categoria":"-"},{"N\u00famero":2040,"Exerc\u00edcio":2024,"Data":"11\/03\/2024","Descri\u00e7\u00e3o":"VALORIZA\u00c7\u00c3O CIRURG. DENTISTAS 40% E TEC. E AUX. CATEGORIA EM 20% EM SANTANA DO ACARA\u00da-CE.","Categoria":"-"},{"N\u00famero":2039,"Exerc\u00edcio":2024,"Data":"11\/03\/2024","Descri\u00e7\u00e3o":"REAJUSTE PISO SALARIAL 2024 DE 4% DO MAGIST\u00c9RIO NA EDUC. B\u00c1SICA DE SANTANA DO ACARA\u00da-CE.","Categoria":"-"},{"N\u00famero":2038,"Exerc\u00edcio":2024,"Data":"11\/03\/2024","Descri\u00e7\u00e3o":"ALTERA A LEI N\u00ba 1997-2023 EXTINGUINDO BOLSA DE TUTORIA E RECRIANDO BOLSA DE MONITORIA NA EDUCA\u00c7\u00c3O EM SANTANA DO ACARA\u00da-CE.","Categoria":"-"},{"N\u00famero":2037,"Exerc\u00edcio":2024,"Data":"11\/03\/2024","Descri\u00e7\u00e3o":"DENOMINA AV, MANOEL RODRIGUES DA SILVA. TRECHO CE 178 NA LOCALIDADE DE SOROROCA EM SANTANA DO ACARA\u00da-CE.","Categoria":"-"},{"N\u00famero":2036,"Exerc\u00edcio":2024,"Data":"11\/03\/2024","Descri\u00e7\u00e3o":"DENOMINA PROFESSORA MARIA MARLUCIA PONTES A TRAVESSA POR TR\u00c1S DO RESIDENCIAL JO\u00c3O GALVINO EM SANTANA DO ACARA\u00da-CE.","Categoria":"-"},{"N\u00famero":2035,"Exerc\u00edcio":2024,"Data":"11\/03\/2024","Descri\u00e7\u00e3o":"PROGRAMA DE EDUCA\u00c7\u00c3O NO TR\u00c2NSITO NA REDE MUNIC. DE ENSINO EM SANTANA DO ACARA\u00da-CE.","Categoria":"-"},{"N\u00famero":2034,"Exerc\u00edcio":2024,"Data":"11\/03\/2024","Descri\u00e7\u00e3o":"SEMANA MUNICIPAL DE CONSCIENTIZA\u00c7\u00c3O E SENSIBILIZA\u00c7\u00c3O DO TDAH EM SANTANA DO ACARA\u00da-CE","Categoria":"-"},{"N\u00famero":2033,"Exerc\u00edcio":2024,"Data":"11\/03\/2024","Descri\u00e7\u00e3o":"MEDIDAS DE PROTE\u00c7\u00c3O A CRIAN\u00c7A E AO ADOLESCENTE CONTRA VIOL\u00caNCIA ESTAB. EDUCACIONAIS EM SANTANA DO ACARA\u00da-CE.","Categoria":"-"},{"N\u00famero":2032,"Exerc\u00edcio":2024,"Data":"11\/03\/2024","Descri\u00e7\u00e3o":"ALTERA NOME DO EST\u00c1DIO MUNICIPAL . JO\u00c3O BATISTA BRAZ- BRAIZ\u00c3O","Categoria":"-"},{"N\u00famero":2031,"Exerc\u00edcio":2024,"Data":"22\/03\/2024","Descri\u00e7\u00e3o":"DISP\u00d5E CRIA\u00c7\u00c3O DO DIRETOR CL\u00cdNICO NO HOSP.NA EST. ADM. E VALORIZ. DOS M\u00c9DICOS ESPECIALISTAS EM SANTANA DO ACARA\u00da-CE.","Categoria":"-"},{"N\u00famero":2030,"Exerc\u00edcio":2024,"Data":"22\/03\/2024","Descri\u00e7\u00e3o":"INSTITUI O DIA MUNICIPAL DA MULHER SANTANENSE NO CALEND\u00c1RIO OFICIAL DE EVENTOS DE SANTANA DO ACARA\u00da-CE.","Categoria":"-"},{"N\u00famero":2028,"Exerc\u00edcio":2024,"Data":"26\/01\/2024","Descri\u00e7\u00e3o":"INSTITUI\u00c7\u00c3O DE PRESTA\u00c7\u00c3O ATEND. VETERIN\u00c1RIO BEM ESTAR ANIMAL- CONV\u00caNIO, PARCERIA EM SANTANA DO ACARA\u00da-CE.","Categoria":"-"},{"N\u00famero":2027,"Exerc\u00edcio":2024,"Data":"26\/01\/2024","Descri\u00e7\u00e3o":"DENOMINA PRA\u00c7A MAIRENE QUEIROZ DE FARIAS NA LOCALIDADE DE RIACHO VERDE EM SANTANA DO ACARA\u00da-CE.","Categoria":"-"},{"N\u00famero":2026,"Exerc\u00edcio":2024,"Data":"12\/01\/2024","Descri\u00e7\u00e3o":"ALTERA A LEI MUNICIPAL N\u00ba 1617-2021. AUTORIZA CESS\u00c3O EM COMODATO NAS ZONAS ADMINISTRATIVAS NO MUNIC\u00cdPIO DE SANTANA DO ACARA\u00da-CE","Categoria":"-"},{"N\u00famero":1994,"Exerc\u00edcio":2024,"Data":"05\/01\/2024","Descri\u00e7\u00e3o":"AUTORIZA O PODER EXECUTIVO A PAGAR O PISO SALRIAL DA CATEGORIA DOS ENFERMEIROS DE 44 HORAS E DE PARTEIROS NO MUNIC\u00cdO DE SANTANA DO ACARA\u00da-CE.","Categoria":"-"},{"N\u00famero":469,"Exerc\u00edcio":2024,"Data":"10\/02\/2004","Descri\u00e7\u00e3o":"AUTORIZA A ABERTURA DE CR\u00c9DITO AO VIGENTE OR\u00c7AMENTO.","Categoria":"-"},{"N\u00famero":20108,"Exerc\u00edcio":2023,"Data":"10\/11\/2023","Descri\u00e7\u00e3o":"ADEQUA\u00c7\u00c3O OR\u00c7AMENT\u00c1RIA COM ABERTURA DE CR\u00c9DITO ADICIONAL AO VIGENTE OR\u00c7AMENTO 2023 EM SANTANA DO ACARA\u00da-CE. PAULO GUSTAVO.","Categoria":"-"},{"N\u00famero":2024,"Exerc\u00edcio":2023,"Data":"01\/12\/2023","Descri\u00e7\u00e3o":"RECONHECE COMO PATRIM\u00d4NIO HIST\u00d3RICO CULTURAL A ANTIGA PONTE NA AV. S\u00c3O JO\u00c3O EM SANTANA DO ACARA\u00da-CE. LEI T\u00c1CITA","Categoria":"-"},{"N\u00famero":2019,"Exerc\u00edcio":2023,"Data":"28\/11\/2023","Descri\u00e7\u00e3o":"CRIA\u00c7\u00c3O E DEFINI\u00c7\u00c3O SALARIAL DE DIRETOR DE DEPARTAMENTO DE A\u00c7\u00c3O COMUNIT\u00c1RIA NA ESTRT. ADM. DE SANTANA DO ACARA\u00da-CE.","Categoria":"-"},{"N\u00famero":2017,"Exerc\u00edcio":2023,"Data":"10\/11\/2023","Descri\u00e7\u00e3o":"CONCESS\u00c3O DO DIREITO REAL DE USO POR TRINTA ANOS PARA A AUGUSTA E RESOEIT\u00c1VEL LOJA SIMB\u00d3LICA DEUS E FRATERNIDADE SANTANANENSE N\u00ba 156, LOCALIDAE SOROROCA EM SANTANA DO ACARA\u00da-CE.","Categoria":"-"},{"N\u00famero":2016,"Exerc\u00edcio":2023,"Data":"10\/11\/2023","Descri\u00e7\u00e3o":"PROGRAMA DE INCREMENTO DA RECEITA TRIBUT\u00c1RIA MEDIANTE CONCESS\u00c3O DE BENEF\u00cdCIOS FSCAIS NO MUNIC\u00cdPIO DE SANTANA DO ACARA\u00da-CE","Categoria":"-"},{"N\u00famero":2015,"Exerc\u00edcio":2023,"Data":"08\/11\/2023","Descri\u00e7\u00e3o":"CONSIDERA DE UTILIDADE P\u00daBLICA A ASSOCIA\u00c7\u00c3O PROP\u00d3SITO AZUL -APA- NO MUNIC\u00cdPIO DE SANTANA DO ACARA\u00da-CE.","Categoria":"-"},{"N\u00famero":2014,"Exerc\u00edcio":2023,"Data":"08\/11\/2023","Descri\u00e7\u00e3o":"INSTITUI O DIA MUNICIPAL DE COMBATE A LGBTQIAB+FOBIA EM 17 DE MAIO DE CADA ANO NO MUNIC\u00cdPIO DE SANTANA DO ACARA\u00da-CE.","Categoria":"-"},{"N\u00famero":2013,"Exerc\u00edcio":2023,"Data":"08\/11\/2023","Descri\u00e7\u00e3o":"CONSIDERA DE UTILIDADE P\u00daBLICA A ASSOCIA\u00c7\u00c3O COMUNIT\u00c1RI DE AMEIXA EM SANTANA DO ACARA\u00da-CE.","Categoria":"-"},{"N\u00famero":2012,"Exerc\u00edcio":2023,"Data":"08\/11\/2023","Descri\u00e7\u00e3o":"CONSIDERA DE UTILIDADE P\u00daBLICA A ASSOCIA\u00c7\u00c3O DOS MORADORES DO CHOCALHO EM SANTANA DO ACARA\u00da-CE.","Categoria":"-"},{"N\u00famero":2011,"Exerc\u00edcio":2023,"Data":"08\/11\/2023","Descri\u00e7\u00e3o":"DENOMINA DE JOS\u00c9 MARIA ALVES-Z\u00c9 ALVES O PASSEIO P\u00daBLICO LOCAIZADO NA AVENIDA S\u00c3O JO\u00c3O EM SANTANA DO ACARA\u00da-CE.","Categoria":"-"},{"N\u00famero":2010,"Exerc\u00edcio":2023,"Data":"08\/11\/2023","Descri\u00e7\u00e3o":"CONSIDERA UTILIDADE P\u00daBLICA LOJA SIMB\u00d3LICA DEUS E FRATERNIDADE 156 NO MUNIC\u00cdPIO DE SANTANA DO ACARA\u00da-CE. MA\u00c7ONARIA","Categoria":"-"},{"N\u00famero":2009,"Exerc\u00edcio":2023,"Data":"20\/10\/2023","Descri\u00e7\u00e3o":"EXTIN\u00c7\u00c3O DOS CARGOS DE MOTORISTA E TRANSFORMA\u00c7\u00c3O EM ASSESSORES PARLAMENTARES NA C\u00c2MARA MUNICIPAL SANTANA DO ACARA\u00da-CE.","Categoria":"-"},{"N\u00famero":2008,"Exerc\u00edcio":2023,"Data":"06\/10\/2023","Descri\u00e7\u00e3o":"PISO SALARIAL DOS PSIC\u00d3LOGOS EM SANTANA DO ACARA\u00da-CE.","Categoria":"-"},{"N\u00famero":2007,"Exerc\u00edcio":2023,"Data":"07\/10\/2023","Descri\u00e7\u00e3o":"ADEQUA\u00c7\u00c3O SALARIAL DOS FISIOTERAPEUTAS NO MUNIC\u00cdPIO DE SANTANA DO ACARA\u00da-CE.","Categoria":"-"},{"N\u00famero":2004,"Exerc\u00edcio":2023,"Data":"20\/10\/2023","Descri\u00e7\u00e3o":"INCLUI NO CALEND\u00c1DIO AO M\u00caS DE MAIO FURTA-COR NO MUNIC\u00cdPIO DE SANTANA DO ACARA\u00da-CE.","Categoria":"-"},{"N\u00famero":2003,"Exerc\u00edcio":2023,"Data":"06\/10\/2023","Descri\u00e7\u00e3o":"POL\u00cdTICA P\u00daBLICA TRANSTORNOS DO ESPECTRO AUTISTA- TEA E SEUS FAMILIARES","Categoria":"-"},{"N\u00famero":1999,"Exerc\u00edcio":2023,"Data":"10\/10\/2023","Descri\u00e7\u00e3o":"DENOMINA ARENINHA RAIMUNDO DE SALES CAVALCANTE NO DISTRITO DE BARRO PRETO EM SANTANA DO ACARA\u00da-CE.","Categoria":"-"},{"N\u00famero":1995,"Exerc\u00edcio":2023,"Data":"28\/11\/2023","Descri\u00e7\u00e3o":"CRIAM OS CARGOS E SAL\u00c1RIOS NA ESTRUT. ADM. DE MEC\u00c2NICO E AUXILIAR DE MEC\u00c2NICO NA PREFEITURA MUNICIPAL DE SANTANA DO ACARA\u00da-CE.","Categoria":"-"},{"N\u00famero":1993,"Exerc\u00edcio":2023,"Data":"28\/08\/2023","Descri\u00e7\u00e3o":"CRIA CARGO E SAL\u00c1RIO DO M\u00c9DICO CL\u00cdNICO EM SANTANA DO ACARA\u00da-CE.","Categoria":"-"},{"N\u00famero":1992,"Exerc\u00edcio":2023,"Data":"06\/10\/2023","Descri\u00e7\u00e3o":"RUA FRANCISCO EDIVAN DE MARIA- DIVAN. LOC. TABULEIRO ALTO EM SANTANA DO ACARA\u00da-CE.","Categoria":"-"},{"N\u00famero":1991,"Exerc\u00edcio":2023,"Data":"06\/10\/2023","Descri\u00e7\u00e3o":"RUA JOS\u00c9 OSMAR ARA\u00daJO- OSMAR XAVIER LOC. TABULEIRO ALTO EM SANTANA DO ACARA\u00da-CE.","Categoria":"-"},{"N\u00famero":1990,"Exerc\u00edcio":2023,"Data":"06\/10\/2023","Descri\u00e7\u00e3o":"RUA JOS\u00c9 SEBASTI\u00c3O R\u00daBENS- TIO R\u00daBENS- LOC. TABULEIRO ALTO EM SANTANA DO ACARA\u00da-CE.","Categoria":"-"},{"N\u00famero":1989,"Exerc\u00edcio":2023,"Data":"06\/10\/2023","Descri\u00e7\u00e3o":"RUA JO\u00c3O GRIG\u00d3RIO J\u00daNIOR- JO\u00c3O REGINO. LOC. TABULEIRO ALTO EM SANTANA DO ACARA\u00da-CE.","Categoria":"-"},{"N\u00famero":1988,"Exerc\u00edcio":2023,"Data":"06\/10\/2023","Descri\u00e7\u00e3o":"RUA RAIMUNDO LOUREN\u00c7O DA CUNHA LOC. TABULEIRO ALTO EM SANTANA DO ACARA\u00da-CE.","Categoria":"-"},{"N\u00famero":1987,"Exerc\u00edcio":2023,"Data":"06\/10\/2023","Descri\u00e7\u00e3o":"DENOMINA PRA\u00c7A JO\u00c3O GUALBERTO CUNHA-JOAOZINHO LOUREN\u00c7O LOC. TABULEIRO ALTO SANTANA DO ACARA\u00da-CE.","Categoria":"-"},{"N\u00famero":1986,"Exerc\u00edcio":2023,"Data":"06\/10\/2023","Descri\u00e7\u00e3o":"DENOMINA RUA FRANCISCO CORIDON DE SOUSA LOC. TABULEIRO ALTO SANTANA DO ACARA\u00da-CE.","Categoria":"-"},{"N\u00famero":1985,"Exerc\u00edcio":2023,"Data":"15\/09\/2023","Descri\u00e7\u00e3o":"CRIAM OS CARGOS E SAL\u00c1RIOS NA ESTRUTURA ADMINISTRATIVA E ORGANIZACIONAL","Categoria":"-"},{"N\u00famero":1984,"Exerc\u00edcio":2023,"Data":"18\/06\/2023","Descri\u00e7\u00e3o":"DENOMINA BIANCA ELIA DO MONTE O CAPS DO MUNIC\u00cdPIO DE SANTANA DO ACARA\u00da-CE.","Categoria":"-"},{"N\u00famero":1983,"Exerc\u00edcio":2023,"Data":"18\/06\/2023","Descri\u00e7\u00e3o":"DENOMINA NA SEDE DO DISTRITO DE BAIXA FRIA A PRA\u00c7A P\u00daBLICA JOS\u00c9 FIRMINO CANAF\u00cdSTULA EM SANTANA DO ACARA\u00da-CE.","Categoria":"-"},{"N\u00famero":1979,"Exerc\u00edcio":2023,"Data":"18\/08\/2023","Descri\u00e7\u00e3o":"LEI N\u00ba 1979-2023. OBRIGATORIEDADE DA DIVULGA\u00c7\u00c3O DA LISTA DE MEDICAMENTOS DISPON\u00cdVEIS E INDISPON\u00cdVEIS NA REDE P\u00daBLICA SANTANA DO ACARA\u00da-CE.","Categoria":"-"},{"N\u00famero":1978,"Exerc\u00edcio":2023,"Data":"26\/06\/2023","Descri\u00e7\u00e3o":"DENOMINA DE CONJUNTO HABITACIONAL BRISA DA SERRA AS CASAS NOVAS NO DIST. DE PARAPU\u00cd. SANTANA DO ACARA\u00da-CE.","Categoria":"-"},{"N\u00famero":1977,"Exerc\u00edcio":2023,"Data":"26\/06\/2023","Descri\u00e7\u00e3o":"POL\u00cdTICA MUNICIPAL DE PREVEN\u00c7\u00c3O E REINSER\u00c7\u00c3O PORTARES DE DEPEND. QU\u00cdMICA EM SANTANA DO ACARA\u00da-CE","Categoria":"-"},{"N\u00famero":1976,"Exerc\u00edcio":2023,"Data":"26\/06\/2023","Descri\u00e7\u00e3o":"DENOMINA PASSAGEM MOLHADA MANOEL RUMUALDO DOS SANTOS EM MUCAMBO-CHORA EM SANTANA DO ACARA\u00da-CE","Categoria":"-"},{"N\u00famero":1975,"Exerc\u00edcio":2023,"Data":"12\/06\/2023","Descri\u00e7\u00e3o":"DENOMINA DE QUADRA POLIESPORTIVA DE ENSINO FUNDAMENTAL RAIMUNDO NELSON CARNEIRO (RAIMUNDO CLITO) \u00c0 QUADRA DE ESPORTES LOCALIZADA NA LOCALIDADE DE PISTOLA, ZONA ADMINISTRATIVA X DO MUNIC\u00cdPIO DE SANTANA DO ACARA\u00da E D\u00c1 OUTRAS PROVID\u00caNCIAS.","Categoria":"-"},{"N\u00famero":1973,"Exerc\u00edcio":2023,"Data":"05\/06\/2023","Descri\u00e7\u00e3o":"PISO E PLANT\u00d5ES CATEGORIA ENFERMEIROS, T\u00c9CNICOS ENFERMAGEM E AUXILIARES DE ENFERMAGEM SANTANA DO ACARA\u00da-CE.","Categoria":"-"},{"N\u00famero":1972,"Exerc\u00edcio":2023,"Data":"05\/06\/2023","Descri\u00e7\u00e3o":"CRIA CARGO DE DIRETOR FINANC. DA SA\u00daDE NA ESTRUT. LEI 690-2009 EM SANTANA DO ACARA\u00da-CE","Categoria":"-"},{"N\u00famero":1970,"Exerc\u00edcio":2023,"Data":"05\/06\/2023","Descri\u00e7\u00e3o":"DENOMINA PRA\u00c7A GERARDO ALVES NA AVENIDA S\u00c3O JO\u00c3O EM SANTANA DO ACARA\u00da-CE.","Categoria":"-"},{"N\u00famero":1969,"Exerc\u00edcio":2023,"Data":"05\/06\/2023","Descri\u00e7\u00e3o":"DENOMINA PRA\u00c7A P\u00daBLICA RAIMUNDO LOPES NA AVENIDA S\u00c3O JO\u00c3O EM SANTANA DO ACARA\u00da-CE.","Categoria":"-"},{"N\u00famero":1969,"Exerc\u00edcio":2023,"Data":"05\/06\/2023","Descri\u00e7\u00e3o":"DENOMINA PRA\u00c7A P\u00daBLICA RAIMUNDO LOPES NA AVENIDA S\u00c3O JO\u00c3O EM SANTANA DO ACARA\u00da-CE.","Categoria":"-"},{"N\u00famero":1969,"Exerc\u00edcio":2023,"Data":"05\/06\/2023","Descri\u00e7\u00e3o":"DENOMINA PRA\u00c7A P\u00daBLICA RAIMUNDO LOPES NA AVENIDA S\u00c3O JO\u00c3O EM SANTANA DO ACARA\u00da-CE.","Categoria":"-"},{"N\u00famero":1968,"Exerc\u00edcio":2023,"Data":"15\/05\/2023","Descri\u00e7\u00e3o":"CONCEDE AJUSTE SALARIAL DE 30% SALARIO BASE M\u00c9DICOS CONCURSADOS. ART. 5\u00ba LEI N\u00ba 873-2015 EM SANTANA DO ACARA\u00da-CE.","Categoria":"-"},{"N\u00famero":1967,"Exerc\u00edcio":2023,"Data":"15\/05\/2023","Descri\u00e7\u00e3o":"INSTITUI O PISO SALARIAL DOS ASSISTENTES SOCIAIS E DOS ADVOGADOS DE SANTANA DO ACARA\u00da-CE.","Categoria":"-"},{"N\u00famero":1967,"Exerc\u00edcio":2023,"Data":"15\/05\/2023","Descri\u00e7\u00e3o":"INSTITUI O PISO SALARIAL DOS ASSISTENTES SOCIAIS E DOS ADVOGADOS DE SANTANA DO ACARA\u00da-CE.","Categoria":"-"},{"N\u00famero":1966,"Exerc\u00edcio":2023,"Data":"15\/05\/2023","Descri\u00e7\u00e3o":"CONCEDE REAJUSTE SALARIAL AOS FARMAC\u00caUTICOS E BIOQU\u00cdMICOS DE SANTANA DO ACARA\u00da-CE.","Categoria":"-"},{"N\u00famero":1965,"Exerc\u00edcio":2023,"Data":"14\/04\/2023","Descri\u00e7\u00e3o":"SUBVEN\u00c7\u00c3O SOCIAL DOS ACS DO MUNIC\u00cdPIO DE SANTANA DO ACARA\u00da-CE. VALOR DE R$ 600,00","Categoria":"-"},{"N\u00famero":1885,"Exerc\u00edcio":2023,"Data":"13\/05\/2023","Descri\u00e7\u00e3o":"REDENOMINA A E.E.F. MARIA JOS\u00c9 DE VASCONCELOS DO DISTRITO DE MUTAMBEIRAS EM SANTANA DO ACARA\u00da-CE.","Categoria":"-"},{"N\u00famero":1848,"Exerc\u00edcio":2021,"Data":"25\/11\/2021","Descri\u00e7\u00e3o":"DENOMINA TRAVESSA MARIA LIZETE SOUZA NO CENTRO DO MUNIC\u00cdPIO DE SANTANA DO ACARA\u00da-CE.","Categoria":"-"},{"N\u00famero":1847,"Exerc\u00edcio":2021,"Data":"25\/11\/2021","Descri\u00e7\u00e3o":"ALTERA E ATUALIZA A LEI N\u00ba 523-2005 DO CONSELHO MUNICIPAL DE DEFESA DOS DIREITOS DE PESSOAS COM DEFICI\u00caNCIA DE SANTANA DO ACARA\u00da-CE","Categoria":"-"},{"N\u00famero":1846,"Exerc\u00edcio":2021,"Data":"25\/11\/2021","Descri\u00e7\u00e3o":"AUTORIZA O CHEFE DO EXECUTIVO MUNICIPAL A DELEGAR AS A\u00c7OES E SERVI\u00c7OS DE SANEAMENTO BASICO NAS LOCALIDADES RURAIS DE PEQUENO PORTE DO MUNICIPIO DE SANTANA DO ACARAU \/ CEARA PARA O SISTEMA INTEGRADO DE SANEAMENTO RURAL DE BACIA HIDROGRAFICA DO ACARAU, E SUAS ASSOCIA\u00c7\u00d5ES FILIADAS, E DA OUTRAS PROVIDENCIAS.","Categoria":"-"},{"N\u00famero":1845,"Exerc\u00edcio":2021,"Data":"25\/11\/2021","Descri\u00e7\u00e3o":"Regulamenta Cess\u00e3o de Servidores P\u00fablicos para outros \u00d3rg\u00e3os de Poderes no Estado do Cear\u00e1 do Munic\u00edpio de Santana do Acara\u00fa-CE","Categoria":"-"},{"N\u00famero":1843,"Exerc\u00edcio":2021,"Data":"16\/11\/2021","Descri\u00e7\u00e3o":"Denomina oficialmente as Ruas da Localidade de Pistola no Munic\u00edpio de Santana do Acara\u00fa-CE.","Categoria":"-"},{"N\u00famero":1842,"Exerc\u00edcio":2021,"Data":"16\/11\/2021","Descri\u00e7\u00e3o":"Denomina Passagem Molhada Jos\u00e9 Paulo dos Santos- Z\u00e9 Moreno. Localizada no Mulungu no Distrito de Jo\u00e3o Cordeiro em Santana do Acara\u00fa-CE","Categoria":"-"},{"N\u00famero":1841,"Exerc\u00edcio":2021,"Data":"16\/11\/2021","Descri\u00e7\u00e3o":"DISPOE SOBRE AUTORIZA\u00c7\u00c3O CR\u00c9DITO ADICIONAL ESPECIAL SEGURIDADE SOCIAL. PROGRAMA CRIAN\u00c7A FELIZ EM SANTANA DO ACARA\u00da-CE.","Categoria":"-"},{"N\u00famero":1840,"Exerc\u00edcio":2021,"Data":"16\/11\/2021","Descri\u00e7\u00e3o":"Institui data base para revis\u00e3o da remunera\u00e7\u00e3o dos servidores da C\u00e2mara Municipal de Santana do Acara\u00fa-CE.","Categoria":"-"},{"N\u00famero":1839,"Exerc\u00edcio":2021,"Data":"16\/11\/2021","Descri\u00e7\u00e3o":"Denomina Passagem Molhada Luciano Facundo Carneiro na Localidade de S\u00e3o Vivente no Distrito de Baixa Fria em Santana do Acara\u00fa-CE","Categoria":"-"},{"N\u00famero":1838,"Exerc\u00edcio":2021,"Data":"16\/11\/2021","Descri\u00e7\u00e3o":"Denomina Passagem Molhada Francisco de Jesus Vasconcelos(Jesus) Localizada no Distrito de Mutambeiras em Santana do Acara\u00fa-CE","Categoria":"-"},{"N\u00famero":1837,"Exerc\u00edcio":2021,"Data":"16\/11\/2021","Descri\u00e7\u00e3o":"Denomina Passagem Molhada Luiz Arimat\u00e9a do Nascimento localizada no Tabuleiro do Gado em Santana do Acara\u00fa-CE.","Categoria":"-"},{"N\u00famero":1836,"Exerc\u00edcio":2021,"Data":"25\/11\/2021","Descri\u00e7\u00e3o":"Denomina Pra\u00e7a Jos\u00e9 Aldenir Farias no entorno da Igreja Cora\u00e7\u00e3o de Jesus no Bartolomeu em Santana do Acara\u00fa-CE","Categoria":"-"},{"N\u00famero":1835,"Exerc\u00edcio":2021,"Data":"18\/11\/2021","Descri\u00e7\u00e3o":"Denomina Passagem Molhada Zacarias Rodrigues de Lima na Localidade de Cacimbas em Santana do Acara\u00fa-CE","Categoria":"-"},{"N\u00famero":1834,"Exerc\u00edcio":2021,"Data":"16\/11\/2021","Descri\u00e7\u00e3o":"Distribui\u00e7\u00e3o de absorventes higi\u00eanicos em Escolas P\u00fablicas e UBS de Santana do Acara\u00fa-CE.","Categoria":"-"},{"N\u00famero":1833,"Exerc\u00edcio":2021,"Data":"08\/11\/2021","Descri\u00e7\u00e3o":"Denomina Estanislau Tib\u00farcio Sales a Areninha Localizada no Bairro Pedregal em Santana do Acara\u00fa-CE.","Categoria":"-"},{"N\u00famero":1832,"Exerc\u00edcio":2021,"Data":"08\/11\/2021","Descri\u00e7\u00e3o":"Denomina Unidade B\u00e1sica de Sa\u00fade -UBS Gerardo Menezes Localizada no Chora no Munic\u00edpio de Santana do Acara\u00fa-CE.","Categoria":"-"},{"N\u00famero":1831,"Exerc\u00edcio":2021,"Data":"11\/10\/2021","Descri\u00e7\u00e3o":"PPA - PLANO PLURIANUAL2022-2025","Categoria":"-"},{"N\u00famero":1830,"Exerc\u00edcio":2021,"Data":"11\/10\/2021","Descri\u00e7\u00e3o":"Disp\u00f5e sobre a Cria\u00e7\u00e3o do Programa Educativo Jovem Aprendiz na Escolas da Zona Rural do Munic\u00edpio de Santana do Acara\u00fa-CE.","Categoria":"-"},{"N\u00famero":1829,"Exerc\u00edcio":2021,"Data":"11\/10\/2021","Descri\u00e7\u00e3o":"Altera a Lei N\u00ba 834-2014. Impostos Extra\u00e7\u00e3o Mineral no Munic\u00edpio de Santana do Acara\u00fa-CE.","Categoria":"-"},{"N\u00famero":1828,"Exerc\u00edcio":2021,"Data":"04\/10\/2021","Descri\u00e7\u00e3o":"Dispoe sobre abertura de cr\u00e9dito especial de R$ 65.000,00. Lei Aldir Blanc - Cultura","Categoria":"-"},{"N\u00famero":1827,"Exerc\u00edcio":2021,"Data":"04\/10\/2021","Descri\u00e7\u00e3o":"Cria a Secretaria Municipal de Seguran\u00e7a P\u00fablica, Tr\u00e2nsito, Cidadania e Defesa Civil - SESEC.","Categoria":"-"},{"N\u00famero":1826,"Exerc\u00edcio":2021,"Data":"11\/10\/2021","Descri\u00e7\u00e3o":"Cria\u00e7\u00e3o dos Conselhos Municipal Pol\u00edtica Cultural da Juventude e Esporte no Munic\u00edpio de Santana do Acara\u00fa-CE","Categoria":"-"},{"N\u00famero":1825,"Exerc\u00edcio":2021,"Data":"11\/10\/2021","Descri\u00e7\u00e3o":"Denomina Avenida Luiz Junior no Distrito do Sap\u00f3 na CE N\u00ba 178.","Categoria":"-"},{"N\u00famero":1824,"Exerc\u00edcio":2021,"Data":"20\/09\/2021","Descri\u00e7\u00e3o":"Denomina Pra\u00e7a Francisco das Chagas Leit\u00e3o Bairro Ilha Amarela em Santana do Acara\u00fa-CE","Categoria":"-"},{"N\u00famero":1823,"Exerc\u00edcio":2021,"Data":"09\/09\/2021","Descri\u00e7\u00e3o":"RECONHECE COMO ESSENCIAL O SERVI\u00c7O DE ADVOCACIA.","Categoria":"-"},{"N\u00famero":1822,"Exerc\u00edcio":2021,"Data":"03\/09\/2021","Descri\u00e7\u00e3o":"INSTITUI A CAMPANHA PERMANENTE DE ORIENTA\u00c7\u00c3O, PREVEN\u00c7\u00c3O E CONCIENTIZA\u00c7\u00c3O DA DEPRESS\u00c3O.","Categoria":"-"},{"N\u00famero":1821,"Exerc\u00edcio":2021,"Data":"03\/09\/2021","Descri\u00e7\u00e3o":"CRIA O DISTRITO INDUSTRIAL NO MUNICIPIO DE SANTANA DO ACARAU.","Categoria":"-"},{"N\u00famero":1820,"Exerc\u00edcio":2021,"Data":"26\/08\/2021","Descri\u00e7\u00e3o":"Bueiro (Jo\u00e3o Alfredo) (1)","Categoria":"-"},{"N\u00famero":1819,"Exerc\u00edcio":2021,"Data":"23\/08\/2021","Descri\u00e7\u00e3o":"Denomina Avenida Jos\u00e9 Valdemir de Vasconcelos no distrito de Mutambeiras. Rua do A\u00e7ude Mucambo.","Categoria":"-"},{"N\u00famero":1818,"Exerc\u00edcio":2021,"Data":"20\/08\/2021","Descri\u00e7\u00e3o":"Disp\u00f5e Sobre o Programa de Regulariza\u00e7\u00e3o Fiscal at\u00e9 31 de dezembro de 2021. REFIS 2021","Categoria":"-"},{"N\u00famero":1817,"Exerc\u00edcio":2021,"Data":"16\/08\/2021","Descri\u00e7\u00e3o":"Sess\u00e3o de Comodatos dos Trailers da sede de Santana do Acara\u00fa-CE.","Categoria":"-"},{"N\u00famero":1816,"Exerc\u00edcio":2021,"Data":"06\/08\/2021","Descri\u00e7\u00e3o":"Calcad\u00e3o Francisco Jucier Macena","Categoria":"-"},{"N\u00famero":1815,"Exerc\u00edcio":2021,"Data":"20\/07\/2021","Descri\u00e7\u00e3o":"Disp\u00f5e sobre autroriza\u00e7\u00e3o de cr\u00e9dito adicional especia. E.E.F Jo\u00e3o Ananias Vasconcelos - Mutambeiras","Categoria":"-"},{"N\u00famero":1814,"Exerc\u00edcio":2021,"Data":"25\/06\/2021","Descri\u00e7\u00e3o":"DISP\u00d5E SOBRE A AUTORIZA\u00c7\u00c3O PARA ABERTURA DE CR\u00c9DITO ADICIONAL ESPECIAL VALOR DE 180.000,00. ILUMINA\u00c7\u00c3O.","Categoria":"-"},{"N\u00famero":1813,"Exerc\u00edcio":2021,"Data":"14\/06\/2021","Descri\u00e7\u00e3o":"Denomina as Ruas do Loteamento Nova Santana e Cria o Bairro Nazion de Aguiar em Santana do Acara\u00fa-CE.","Categoria":"-"},{"N\u00famero":1812,"Exerc\u00edcio":2021,"Data":"14\/06\/2021","Descri\u00e7\u00e3o":"Denomina Vereador Vando Vasconcelos o trecho da CE 178 entre o in\u00edcio do Distrito de Mutambeiras ao Rudiadoe em Santana do Acara\u00fa-CE.","Categoria":"-"},{"N\u00famero":1811,"Exerc\u00edcio":2021,"Data":"14\/06\/2021","Descri\u00e7\u00e3o":"Denomina Rua Jos\u00e9 Maria Augusto(Sab\u00f3ia) no Bairro Jo\u00e3o Alfredo II em Santana do Acara\u00fa-CE.","Categoria":"-"},{"N\u00famero":1810,"Exerc\u00edcio":2021,"Data":"14\/06\/2021","Descri\u00e7\u00e3o":"Institui o Dia Municipal do M\u00fasico em Santana do Acara\u00fa-CE","Categoria":"-"},{"N\u00famero":1809,"Exerc\u00edcio":2021,"Data":"14\/06\/2021","Descri\u00e7\u00e3o":"Declara Patrim\u00f4nio Cultural Imaterial a Festa da Padroeira de Santana e o Feriado 26 de julho.","Categoria":"-"},{"N\u00famero":1808,"Exerc\u00edcio":2021,"Data":"07\/06\/2021","Descri\u00e7\u00e3o":"Ensino de no\u00e7\u00f5es b\u00e1sicas sobre a Lei Maria da Penha nas Escolas de Santana do Acara\u00fa-CE","Categoria":"-"},{"N\u00famero":1807,"Exerc\u00edcio":2021,"Data":"07\/06\/2021","Descri\u00e7\u00e3o":"Denomina Pra\u00e7a dos Guilhermes no Bairro Pedregal em Santana do Acara\u00fa-CE","Categoria":"-"},{"N\u00famero":1806,"Exerc\u00edcio":2021,"Data":"22\/04\/2021","Descri\u00e7\u00e3o":"Libera\u00e7\u00e3o e acesso a internet via wi-fi UBS e Escolas P\u00fabicas","Categoria":"-"},{"N\u00famero":1805,"Exerc\u00edcio":2021,"Data":"24\/05\/2021","Descri\u00e7\u00e3o":"LDO 2022 Santana do Acara\u00fa","Categoria":"-"},{"N\u00famero":1804,"Exerc\u00edcio":2021,"Data":"24\/05\/2021","Descri\u00e7\u00e3o":"Cria\u00e7ao da controladoria Geral do Municipio de Santana do Acara\u00fa , Estrutura 24052021","Categoria":"-"},{"N\u00famero":1803,"Exerc\u00edcio":2021,"Data":"17\/05\/2021","Descri\u00e7\u00e3o":"Credito adicional Seguridade social","Categoria":"-"},{"N\u00famero":1802,"Exerc\u00edcio":2021,"Data":"24\/05\/2021","Descri\u00e7\u00e3o":"Autoriza Constru\u00e7\u00e3o de Bueiro Bairro Jo\u00e3o Alfredo em Santana do Acara\u00fa 24052021","Categoria":"-"},{"N\u00famero":1801,"Exerc\u00edcio":2021,"Data":"22\/04\/2021","Descri\u00e7\u00e3o":"Altera a Lei 639-2009. Escolha de diretor de escola da rede publica mun. Santana24052021","Categoria":"-"},{"N\u00famero":1800,"Exerc\u00edcio":2021,"Data":"22\/04\/2021","Descri\u00e7\u00e3o":"Proibi\u00e7\u00e3o de fogos de artif\u00edcios e shows pirot\u00e9cnicos em santana do acara\u00fa","Categoria":"-"},{"N\u00famero":1799,"Exerc\u00edcio":2021,"Data":"02\/03\/2021","Descri\u00e7\u00e3o":"Diretores das escolas municipais de Santana do Acara\u00fa-CE.","Categoria":"-"},{"N\u00famero":1798,"Exerc\u00edcio":2021,"Data":"09\/04\/2021","Descri\u00e7\u00e3o":"Sevi\u00e7os essenciais na \u00e1rea da sa\u00fade o com\u00e9rcio de \u00f3ticas no Munic\u00edpio de Santana do Acara\u00fa-CE.","Categoria":"-"},{"N\u00famero":1798,"Exerc\u00edcio":2021,"Data":"08\/03\/2021","Descri\u00e7\u00e3o":"Institui o Dia Municipal do Empreendor\u00edsmo Feminino no Calend\u00e1rio Oficial de Santana do Acara\u00fa-CE","Categoria":"-"},{"N\u00famero":1797,"Exerc\u00edcio":2021,"Data":"24\/03\/2021","Descri\u00e7\u00e3o":"Conselho Municipal de FUNDEB. CACS-FUNDEF do Munic\u00edpio de Santana do Acara\u00fa-CE.","Categoria":"-"},{"N\u00famero":1796,"Exerc\u00edcio":2021,"Data":"24\/03\/2021","Descri\u00e7\u00e3o":"Disp\u00f5e sobre o Fundo Municipal de Educa\u00e7\u00e3o -FME de Santana do Acara\u00fa-CE.","Categoria":"-"},{"N\u00famero":1795,"Exerc\u00edcio":2021,"Data":"24\/03\/2021","Descri\u00e7\u00e3o":"Disp\u00f5e sobre a cria\u00e7\u00e3o do FUNDEB 2020 no Munic\u00edpio de Santana do Acara\u00fa-CE.","Categoria":"-"},{"N\u00famero":1794,"Exerc\u00edcio":2021,"Data":"15\/03\/2021","Descri\u00e7\u00e3o":"Ratifica o protoclo de inte\u00e7\u00f5es entre munic\u00edpios brasileiros. vacina COVID. Sanatan do Acara\u00fa","Categoria":"-"},{"N\u00famero":1792,"Exerc\u00edcio":2021,"Data":"08\/03\/2021","Descri\u00e7\u00e3o":"Denomina o pavilh\u00e3o centrao do Mercado P\u00fablico de Prefeito Batistinha Arcanjo","Categoria":"-"},{"N\u00famero":1791,"Exerc\u00edcio":2021,"Data":"08\/03\/2021","Descri\u00e7\u00e3o":"ALTERA LEI MUNICIPAL N\u00ba 843 \/ 2014 DE 26 DE DEZEMBRO DE 2014 E DA OUTRAS PROVIDENCIAS.","Categoria":"-"},{"N\u00famero":1790,"Exerc\u00edcio":2021,"Data":"08\/03\/2021","Descri\u00e7\u00e3o":"DENOMINA OFICIALMENTE A PRA\u00c7A PUBLICA ZEZE TOMAZ","Categoria":"-"},{"N\u00famero":1789,"Exerc\u00edcio":2021,"Data":"08\/03\/2021","Descri\u00e7\u00e3o":"ESTABELECE AS IGREJAS, OS TEMPLOSRELIGIOSOS DE QUALQUER CULTO E AS COMUNIDADES MISSIONARIAS COMO ATIVIDADE ESSENCIAL.","Categoria":"-"},{"N\u00famero":1788,"Exerc\u00edcio":2021,"Data":"08\/03\/2021","Descri\u00e7\u00e3o":"AUTORIZA O CHEFE DO PODER EXECUTIVO MUNICIPAL A FIRMAR CONVENIO COM A ASSOCIA\u00c7\u00c3O BENEFICENTE MEDICA DE PAJU\u00c7ARA - AMBEMP E D\u00c1 OUTRAS PRVIDENCIAS","Categoria":"-"},{"N\u00famero":1787,"Exerc\u00edcio":2021,"Data":"08\/03\/2021","Descri\u00e7\u00e3o":"Suspende, at\u00e9 1\u00ba de mar\u00e7o de 2022, a aplica\u00e7\u00e3o e a efic\u00e1cia da Lei Municipal n\u00b0 1.624\/2017, que regulamenta o processo seletivo simplificado para contrata\u00e7\u00f5es por tempo determinado no Munic\u00edpio de Santana do Acara\u00fa\/CE, e d\u00e1 outras provid\u00eancias.","Categoria":"-"},{"N\u00famero":1786,"Exerc\u00edcio":2021,"Data":"05\/03\/2021","Descri\u00e7\u00e3o":"Declara como essencial a pr\u00e1tica de atividade f\u00edsica e do exerc\u00edcio f\u00edsico em estabelecimentos prestadores de servi\u00e7os com essa finalidade, bem como em espa\u00e7os p\u00fablicos, na forma que indica e d\u00e1 outras provid\u00eancias.","Categoria":"-"},{"N\u00famero":1785,"Exerc\u00edcio":2021,"Data":"12\/02\/2021","Descri\u00e7\u00e3o":"D\u00e1 nova reda\u00e7\u00e3o ao art. 42 e ao inciso III do art. 6\u00ba da Lei Municipal n2 1.624\/2017, e determina outras provid\u00eancias.","Categoria":"-"},{"N\u00famero":1774,"Exerc\u00edcio":2020,"Data":"23\/11\/2020","Descri\u00e7\u00e3o":"LOA 2020 LEI OR\u00c7AMETARIA ANUAL.","Categoria":"-"},{"N\u00famero":1771,"Exerc\u00edcio":2020,"Data":"23\/11\/2020","Descri\u00e7\u00e3o":"CRIA O REGIME DE RECUPERA\u00c7\u00c3O FISCAL SOBRE OS CREDITOS TRIBUT\u00c1RIOS DO IMPOSTO SOBRE PROPRIEDADE TERRITORIAL E URBANA - IPTU, IMPOSTO SOBRE SERVI\u00c7OS DE QUALQUER NATUREZA - ISS E IMPOSTO DE TRANSMISS\u00c3O DE BENS IM\u00d3VEIS - ITBI.","Categoria":"-"},{"N\u00famero":1766,"Exerc\u00edcio":2020,"Data":"23\/11\/2020","Descri\u00e7\u00e3o":"Autoriza a abertura de Cr\u00e9dito Especial ao Or\u00e7amento Fiscal, com vig\u00eancia para o ecercicio de 2020, na forma que indica e adota outras provid\u00eancias.","Categoria":"-"},{"N\u00famero":1760,"Exerc\u00edcio":2020,"Data":"22\/06\/2020","Descri\u00e7\u00e3o":"Lei de Diretrizes Or\u00e7ament\u00e1rias","Categoria":"-"},{"N\u00famero":1746,"Exerc\u00edcio":2020,"Data":"24\/03\/2020","Descri\u00e7\u00e3o":"ALTERA A LEI MUNICIPAL 769\/2013","Categoria":"-"},{"N\u00famero":1745,"Exerc\u00edcio":2020,"Data":"24\/03\/2020","Descri\u00e7\u00e3o":"FIXA O PISO SALARIAL DOS PROFESSORES DA REDE P\u00daBLICA MUNICIPAL DE ENSINO PARA O ANO DE 2020 E D\u00c1 OUTRAS PROVID\u00caNCIAS.","Categoria":"-"},{"N\u00famero":1744,"Exerc\u00edcio":2020,"Data":"24\/03\/2020","Descri\u00e7\u00e3o":"DISP\u00d5E SOBRE A POL\u00cdTICA MUNICIPAL DE SANEAMENTO B\u00c1SICO DO MUNIC\u00cdPIO DE SANTANA DO ACARA\u00da","Categoria":"-"},{"N\u00famero":1743,"Exerc\u00edcio":2020,"Data":"03\/03\/2020","Descri\u00e7\u00e3o":"INSTITUI A SEMANA MUNICIPAL DO TR\u00c2NSITO NO MUNIC\u00cdPIO DE SANTANA DO ACARA\u00da, E D\u00c1 OUTRAS PROVID\u00caNCIAS","Categoria":"-"},{"N\u00famero":1742,"Exerc\u00edcio":2020,"Data":"03\/03\/2020","Descri\u00e7\u00e3o":"AUTORIZA O PODER EXECUTIVO MUNICIPAL A CONSTRU\u00c7\u00c3O DE PRA\u00c7A P\u00daBLICA NA SEDE DO DISTRITO DE BAIXA BRIA NO ESPA\u00c7O DO QUADR\u00c2NCULO QUE COMPREENDE A E.E.F. ANT\u00d4NIO FRANCISCO CANAF\u00cdSTULA, A U.B.S. JOS\u00c9 FRANCISCO CANAF\u00cdSTULA LEI MUNICIPAL NQ 482\/2004, E A IGREJA NOSSA SENHORA DO LIVRAMENTO NO MUNIC\u00cdPIO DE SANTANA DO ACARA\u00da-CE E D\u00c1 OUTRAS PROVID\u00caNCIAS.","Categoria":"-"},{"N\u00famero":1741,"Exerc\u00edcio":2020,"Data":"03\/03\/2020","Descri\u00e7\u00e3o":"AUTORIZA O PODER EXECUTIVO MUNICIPAL A CONSTRU\u00c7\u00c3O DE PRA\u00c7A P\u00daBLICA NO DISTRITO DE BARRO PRETO LOCALIZADA DE FRENTE A E.E.F. PEDRO ROSA DA COSTA E AO LADO DA IGREJA NOSSA SENHORA DA CONCEI\u00c7\u00c3O NA ZONA II DESTE MUNIC\u00cdPIO DE SANTANA DO ACARA\u00da E D\u00c1 OUTRAS PROVID\u00caNCIAS.","Categoria":"-"},{"N\u00famero":1614,"Exerc\u00edcio":2017,"Data":"07\/06\/2017","Descri\u00e7\u00e3o":"Disp\u00f5e sobre viagem a servi\u00e7o e concess\u00e3o de di\u00e1ria a servidor do Poder Legislativo Municipal de Santana do Acara\u00fa-CE e d\u00e1 outras provid\u00eancias.","Categoria":"-"},{"N\u00famero":8500115,"Exerc\u00edcio":2015,"Data":"30\/01\/2015","Descri\u00e7\u00e3o":"DISP\u00d5E SOBRE O SISTEMA MUNICIPAL DE CULTURA DE SANTANA DO ACARA\u00da.","Categoria":"-"},{"N\u00famero":8490115,"Exerc\u00edcio":2015,"Data":"30\/01\/2015","Descri\u00e7\u00e3o":"CRIA O CONSELHO MUNICIPAL COMUNIT\u00c1RIO DE SEGURAN\u00c7A DO MUNIC\u00cdPIO DE SANTANA.","Categoria":"-"},{"N\u00famero":8480115,"Exerc\u00edcio":2015,"Data":"30\/01\/2015","Descri\u00e7\u00e3o":"REVOGA A LEI N\u00ba 266\/1991 E DEFINE OS LIMITES INTERDISTRITAIS DO MUNIC\u00cdPIO.","Categoria":"-"},{"N\u00famero":8470115,"Exerc\u00edcio":2015,"Data":"30\/01\/2015","Descri\u00e7\u00e3o":"INSTITUI A C\u00c2MARA INTERSETORIAL MUNICIPAL DE SEGURAN\u00c7A ALIMENTAR E NUTRICIONAL \u2013 CAISAN DO MUNIC\u00cdPIO.","Categoria":"-"},{"N\u00famero":8460115,"Exerc\u00edcio":2015,"Data":"30\/01\/2015","Descri\u00e7\u00e3o":"CRIA A PATRULHA AGR\u00cdCOLA MECANIZADA JUNTO \u00c0 SECRETARIA MUNICIPAL DE DESENVOLVIMENTO SUSTENT\u00c1VEL E MEIO AMBIENTE.","Categoria":"-"},{"N\u00famero":8450115,"Exerc\u00edcio":2015,"Data":"30\/01\/2015","Descri\u00e7\u00e3o":"CRIA O CONSELHO MUNICIPAL DE DESENVOLVIMENTO RURAL SUSTENT\u00c1VEL DO MUNIC\u00cdPIO.","Categoria":"-"},{"N\u00famero":8440115,"Exerc\u00edcio":2015,"Data":"30\/01\/2015","Descri\u00e7\u00e3o":"DISP\u00d5E SOBRE O NOVO PISO SALARIAL DOS PROFISSIONAIS DO MAGIST\u00c9RIO.","Categoria":"-"},{"N\u00famero":8140415,"Exerc\u00edcio":2015,"Data":"14\/04\/2015","Descri\u00e7\u00e3o":"DENOMINA RUA JO\u00c3O BATISTA ARCANJO NO MUNIC\u00cdPIO DE SANTANA DO ACARA\u00da-CE, LOTEAMENTO GRAN VILLE.","Categoria":"-"},{"N\u00famero":8411214,"Exerc\u00edcio":2014,"Data":"10\/12\/2014","Descri\u00e7\u00e3o":"DISP\u00d5E SOBRE A FIXA\u00c7\u00c3O DO PISO SALARIAL NACIONAL DOS AGENTES COMUNIT\u00c1RIOS DE SA\u00daDE E AGENTES DE COMBATE \u00c0S ENDEMIAS.","Categoria":"-"},{"N\u00famero":8391214,"Exerc\u00edcio":2014,"Data":"01\/12\/2014","Descri\u00e7\u00e3o":"DISP\u00d5E SOBRE A CRIA\u00c7\u00c3O DO PROGRAMA PR\u00d3-MENINAS NO MUNIC\u00cdPIO.","Categoria":"-"},{"N\u00famero":8381214,"Exerc\u00edcio":2014,"Data":"01\/12\/2014","Descri\u00e7\u00e3o":"CRIA O CONSELHO DE TRANSPORTE ESCOLAR DO MUNIC\u00cdPIO.","Categoria":"-"},{"N\u00famero":8361014,"Exerc\u00edcio":2014,"Data":"20\/10\/2014","Descri\u00e7\u00e3o":"INSTITUI O PISO SALARIAL NACIONAL PARA A CATEGORIA DOS PROFISSIONAIS DAS T\u00c9CNICAS RADIOL\u00d3GICAS NO MUNIC\u00cdPIO.","Categoria":"-"},{"N\u00famero":8350914,"Exerc\u00edcio":2014,"Data":"23\/09\/2014","Descri\u00e7\u00e3o":"ALTERA A SIGLA DO CONSELHO MUNICIPAL DE SEGURAN\u00c7A ALIMENTAR E NUTRICIONAL E O ART. 8\u00ba DA LEI N\u00ba 522\/2005.","Categoria":"-"},{"N\u00famero":8340914,"Exerc\u00edcio":2014,"Data":"09\/09\/2014","Descri\u00e7\u00e3o":"ESTABELECE, NO \u00c2MBITO DO PODER LEGISLATIVO DO MUNIC\u00cdPIO DE SANTANA DO ACARA\u00da...","Categoria":"-"},{"N\u00famero":8320814,"Exerc\u00edcio":2014,"Data":"19\/08\/2014","Descri\u00e7\u00e3o":"DISP\u00d5E SOBRE A CONSTITUI\u00c7\u00c3O DO SERVI\u00c7O DE INSPE\u00c7\u00c3O MUNICIPAL E OS PROCEDIMENTOS DE INSPE\u00c7\u00c3O SANIT\u00c1RIA.","Categoria":"-"},{"N\u00famero":8310814,"Exerc\u00edcio":2014,"Data":"19\/08\/2014","Descri\u00e7\u00e3o":"DISP\u00d5E SOBRE A FIXA\u00c7\u00c3O DA CARGA HOR\u00c1RIA SEMANAL DAS CATEGORIAS DE ENFERMEIRO, T\u00c9CNICOS DE ENFERMAGEM E AUXILIAR DE ENFERMAGEM.","Categoria":"-"},{"N\u00famero":8300714,"Exerc\u00edcio":2014,"Data":"13\/07\/2014","Descri\u00e7\u00e3o":"CRIA OS CARGOS P\u00daBLICOS DE AGENTE DO PR\u00d3-CIDADANIA, NOS TERMOS DA LEI ESTADUAL N\u00ba 14.318\/2009.","Categoria":"-"},{"N\u00famero":8290614,"Exerc\u00edcio":2014,"Data":"09\/06\/2014","Descri\u00e7\u00e3o":"DISP\u00d5E SOBRE A ALTERA\u00c7\u00c3O DO SAL\u00c1RIO-BASE DOS AGENTES COMUNIT\u00c1RIOS DE SA\u00daDE, DO ANEXO I DO PROJETO DE LEI N\u00ba 0.","Categoria":"-"},{"N\u00famero":8280614,"Exerc\u00edcio":2014,"Data":"09\/06\/2014","Descri\u00e7\u00e3o":"AUTORIZA O PODER EXECUTIVO MUNICIPAL DE SANTANA DO ACARA\u00da A IMPLANTAR O PROGRAMA PR\u00d3-CIDADANIA, NOS TERMOS DA LEI MUNICIPAL.","Categoria":"-"},{"N\u00famero":8270614,"Exerc\u00edcio":2014,"Data":"09\/06\/2014","Descri\u00e7\u00e3o":"DISP\u00d5E SOBRE O VALOR DO PISO SALARIAL DOS PROFISSIONAIS DO MAGIST\u00c9RIO DO MUNIC\u00cdPIO DE SANTANA DO ACARA\u00da E D\u00c1 OUTRAS PROVID\u00caNCIAS.","Categoria":"-"},{"N\u00famero":8260614,"Exerc\u00edcio":2014,"Data":"09\/06\/2014","Descri\u00e7\u00e3o":"INSTITUI A POL\u00cdTICA DE PLANEJAMENTO E ORDENAMENTO TERRITORIAL DE SANTANA DO ACARA\u00da \u2013 CE E D\u00c1 OUTRAS PROVID\u00caNCIAS.","Categoria":"-"},{"N\u00famero":8250614,"Exerc\u00edcio":2014,"Data":"09\/06\/2014","Descri\u00e7\u00e3o":"ATRIBUI NOME \u00c0 RUA PROFESSORA IRISMAR CARNEIRO FONTELES, NESTE MUNIC\u00cdPIO, NA FORMA QUE INDICA E D\u00c1 OUTRAS PROVID\u00caNCIAS.","Categoria":"-"},{"N\u00famero":8240614,"Exerc\u00edcio":2014,"Data":"09\/06\/2014","Descri\u00e7\u00e3o":"ALTERA O ART. 5\u00ba DA LEI MUNICIPAL N\u00ba 768\/2013, DE 12 DE JUNHO DE 2013, E D\u00c1 OUTRAS PROVID\u00caNCIAS.","Categoria":"-"},{"N\u00famero":8230614,"Exerc\u00edcio":2014,"Data":"09\/06\/2014","Descri\u00e7\u00e3o":"ALTERA O VALOR DO VENCIMENTO DOS CARGOS QUE INDICA E D\u00c1 OUTRAS PROVID\u00caNCIAS.","Categoria":"-"},{"N\u00famero":8220614,"Exerc\u00edcio":2014,"Data":"09\/06\/2014","Descri\u00e7\u00e3o":"DISP\u00d5E SOBRE A ALTERA\u00c7\u00c3O DO ART. 1\u00ba DA LEI MUNICIPAL N\u00ba 766\/2013 E D\u00c1 OUTRAS PROVID\u00caNCIAS.","Categoria":"-"},{"N\u00famero":8210614,"Exerc\u00edcio":2014,"Data":"09\/06\/2014","Descri\u00e7\u00e3o":"CRIA CARGOS P\u00daBLICOS DE AGENTE COMUNIT\u00c1RIO DE SA\u00daDE PARA ADEQUA\u00c7\u00c3O \u00c0 EMENDA CONSTITUCIONAL N\u00ba 51\/2006 E D\u00c1 OUTRAS PROVID\u00caNCIAS.","Categoria":"-"},{"N\u00famero":8200514,"Exerc\u00edcio":2014,"Data":"19\/05\/2014","Descri\u00e7\u00e3o":"ALTERA OS ARTS. 50 E 51 DA LEI MUNICIPAL N\u00ba 693\/2009, QUE DISP\u00d5E SOBRE A REESTRUTURA\u00c7\u00c3O DO PLANO DE CARREIRA E REMUNERA\u00c7\u00c3O.","Categoria":"-"},{"N\u00famero":8190514,"Exerc\u00edcio":2014,"Data":"19\/05\/2014","Descri\u00e7\u00e3o":"DISP\u00d5E SOBRE A ADEQUA\u00c7\u00c3O DA LEI N\u00ba 342\/1995, QUE CRIA O CONSELHO MUNICIPAL DA ASSIST\u00caNCIA SOCIAL \u2013 CMAS, E D\u00c1 OUTRAS PROVID\u00caNCIAS.","Categoria":"-"},{"N\u00famero":8180414,"Exerc\u00edcio":2014,"Data":"16\/04\/2014","Descri\u00e7\u00e3o":"CRIA O PROMAC-AS (PROGRAMA MUNICIPAL DE APOIO \u00c0 CULTURA DE SANTANA DO ACARA\u00da) E D\u00c1 OUTRAS PROVID\u00caNCIAS.","Categoria":"-"},{"N\u00famero":8170414,"Exerc\u00edcio":2014,"Data":"16\/04\/2014","Descri\u00e7\u00e3o":"D\u00c1 NOME \u00c0 RUA VILMAR OLIVEIRA (VILMAR FININ), NO BAIRRO CANEC\u00c3O, QUE INDICA E D\u00c1 OUTRAS PROVID\u00caNCIAS.","Categoria":"-"},{"N\u00famero":8160414,"Exerc\u00edcio":2014,"Data":"16\/04\/2014","Descri\u00e7\u00e3o":"D\u00c1 NOME \u00c0 RUA MIGUEL FREDERICO DA PONTE, NO MUNIC\u00cdPIO DE SANTANA DO ACARA\u00da, QUE INDICA E D\u00c1 OUTRAS PROVID\u00caNCIAS.","Categoria":"-"},{"N\u00famero":8150414,"Exerc\u00edcio":2014,"Data":"16\/04\/2014","Descri\u00e7\u00e3o":"D\u00c1 NOME \u00c0 RUA JOS\u00c9 ALCIDES PINTO, NO MUNIC\u00cdPIO DE SANTANA DO ACARA\u00da, QUE INDICA E D\u00c1 OUTRAS PROVID\u00caNCIAS.","Categoria":"-"},{"N\u00famero":8130414,"Exerc\u00edcio":2014,"Data":"16\/04\/2014","Descri\u00e7\u00e3o":"CONCEDE LICEN\u00c7A DE PARTE DA JORNADA DE TRABALHO AO SERVIDOR MUNICIPAL, TUTOR, CURADOR OU RESPONS\u00c1VEL POR PESSOA COM DEFICI\u00caNCIA.","Categoria":"-"},{"N\u00famero":8120414,"Exerc\u00edcio":2014,"Data":"16\/04\/2014","Descri\u00e7\u00e3o":"INSTITUI O FUNDO MUNICIPAL DOS DIREITOS DA PESSOA IDOSA DO MUNIC\u00cdPIO DE SANTANA DO ACARA\u00da, CONFORME ESPEC\u00cdFICO.","Categoria":"-"},{"N\u00famero":8110414,"Exerc\u00edcio":2014,"Data":"16\/04\/2014","Descri\u00e7\u00e3o":"D\u00c1 NOME \u00c0 RUA FRANCISCO ODILARDO VASCONCELOS, NO BAIRRO ILHA AMARELA, NO MUNIC\u00cdPIO DE SANTANA DO ACARA\u00da, E D\u00c1 OUTRAS PROVID\u00caNCIAS.","Categoria":"-"},{"N\u00famero":8100414,"Exerc\u00edcio":2014,"Data":"16\/04\/2014","Descri\u00e7\u00e3o":"ABRE CR\u00c9DITO ADICIONAL ESPECIAL AO VIGENTE OR\u00c7AMENTO PARA SUPRIR DESPESAS COM A IMPLEMENTA\u00c7\u00c3O DE SALA DE ESTABILIZA\u00c7\u00c3O.","Categoria":"-"},{"N\u00famero":8090414,"Exerc\u00edcio":2014,"Data":"16\/04\/2014","Descri\u00e7\u00e3o":"ATRIBUI NOME \u00c0 AVENIDA MANOEL MESSIAS DE VASCONCELOS (MESSIAS DO SEVERINO), NO BAIRRO ILHA AMARELA, NESTE MUNIC\u00cdPIO.","Categoria":"-"},{"N\u00famero":8080414,"Exerc\u00edcio":2014,"Data":"16\/04\/2014","Descri\u00e7\u00e3o":"D\u00c1 NOME \u00c0 RUA MARIA GRACIELE BRITO (BABALU), NO BAIRRO S\u00c3O JO\u00c3O, NO MUNIC\u00cdPIO DE SANTANA DO ACARA\u00da, QUE INDICA.","Categoria":"-"},{"N\u00famero":8070414,"Exerc\u00edcio":2014,"Data":"03\/04\/2014","Descri\u00e7\u00e3o":"REGULAMENTA, NO \u00c2MBITO DO PODER LEGISLATIVO DO MUNIC\u00cdPIO DE SANTANA DO ACARA\u00da, O PROTOCOLO DE PROPOSITURAS.","Categoria":"-"},{"N\u00famero":8060314,"Exerc\u00edcio":2014,"Data":"07\/03\/2014","Descri\u00e7\u00e3o":"ALTERA A LEI N\u00ba 378, DE 20 DE AGOSTO DE 1998, DELIMITANDO E DENOMINANDO OFICIALMENTE OS BAIRROS DA ZONA URBANA DE SANTANA DO ACARA\u00da.","Categoria":"-"},{"N\u00famero":8050314,"Exerc\u00edcio":2014,"Data":"07\/03\/2014","Descri\u00e7\u00e3o":"REVOGAM AS LEIS MUNICIPAIS QUE ATRIBUEM NOMES AOS LOGRADOUROS P\u00daBLICOS QUE INDICAM E DELIMITAM NA ZONA URBANA.","Categoria":"-"},{"N\u00famero":8040314,"Exerc\u00edcio":2014,"Data":"07\/03\/2014","Descri\u00e7\u00e3o":"PMAQ","Categoria":"-"},{"N\u00famero":8030214,"Exerc\u00edcio":2014,"Data":"19\/02\/2014","Descri\u00e7\u00e3o":"REVOGA A LEI MUNICIPAL N\u00ba 515, DE 07 DE OUTUBRO DE 2005, QUE ATRIBUI NOME AO PR\u00c9DIO P\u00daBLICO, UNIDADE DE EDUCA\u00c7\u00c3O.","Categoria":"-"},{"N\u00famero":8020214,"Exerc\u00edcio":2014,"Data":"19\/02\/2014","Descri\u00e7\u00e3o":"DISP\u00d5E SOBRE A NECESSIDADE DE PRESTA\u00c7\u00c3O DE CONTAS E PUBLICA\u00c7\u00c3O MENSAL DOS VALORES ENTREGUES, GASTOS E SOBRAS.","Categoria":"-"},{"N\u00famero":8010214,"Exerc\u00edcio":2014,"Data":"19\/02\/2014","Descri\u00e7\u00e3o":"D\u00c1 NOME \u00c0 E.E.F. JOS\u00c9 JOAQUIM SOARES, QUE INDICA, E D\u00c1 OUTRAS PROVID\u00caNCIAS.","Categoria":"-"},{"N\u00famero":8000214,"Exerc\u00edcio":2014,"Data":"19\/02\/2014","Descri\u00e7\u00e3o":"DISP\u00d5E SOBRE A CRIA\u00c7\u00c3O DO PROGRAMA MUNICIPAL DE SA\u00daDE VOCAL DO PROFESSOR DA REDE MUNICIPAL DE ENSINO DO MUNIC\u00cdPIO.","Categoria":"-"},{"N\u00famero":7991213,"Exerc\u00edcio":2013,"Data":"12\/12\/2013","Descri\u00e7\u00e3o":"ESTIMA A RECEITA E FIXA A DESPESA DO MUNIC\u00cdPIO DE SANTANA DO ACARA\u00da PARA O EXERC\u00cdCIO FINANCEIRO DE 2014.","Categoria":"-"},{"N\u00famero":7981213,"Exerc\u00edcio":2013,"Data":"12\/12\/2013","Descri\u00e7\u00e3o":"CONSIDERA DE UTILIDADE P\u00daBLICA A ASSOCIA\u00c7\u00c3O COMUNIT\u00c1RIA BENEFICENTE DOS MORADORES DE S\u00c3O MAUR\u00cdCIO, QUE INDICA.","Categoria":"-"},{"N\u00famero":7971213,"Exerc\u00edcio":2013,"Data":"12\/12\/2013","Descri\u00e7\u00e3o":"DISP\u00d5E SOBRE A ADEQUA\u00c7\u00c3O DE LOGRADOUROS E EDIF\u00cdCIOS ABERTOS AO P\u00daBLICO, GARANTINDO O ACESSO APROPRIADO \u00c0S PESSOAS.","Categoria":"-"},{"N\u00famero":7961213,"Exerc\u00edcio":2013,"Data":"12\/12\/2013","Descri\u00e7\u00e3o":"AUTORIZA O EXECUTIVO MUNICIPAL A DESENVOLVER A\u00c7\u00d5ES PARA IMPLEMENTAR O PROGRAMA MINHA CASA, MINHA VIDA.","Categoria":"-"},{"N\u00famero":7951213,"Exerc\u00edcio":2013,"Data":"12\/12\/2013","Descri\u00e7\u00e3o":"DISP\u00d5E SOBRE A LEI DE ACESSO \u00c0 INFORMA\u00c7\u00c3O DO MUNIC\u00cdPIO DE SANTANA DO ACARA\u00da E D\u00c1 OUTRAS PROVID\u00caNCIAS.","Categoria":"-"},{"N\u00famero":7941213,"Exerc\u00edcio":2013,"Data":"12\/12\/2013","Descri\u00e7\u00e3o":"INSTITUI O PROGRAMA DE RECUPERA\u00c7\u00c3O DE CR\u00c9DITOS FISCAIS \u2013 REFIS E D\u00c1 OUTRAS PROVID\u00caNCIAS.","Categoria":"-"},{"N\u00famero":7931213,"Exerc\u00edcio":2013,"Data":"12\/12\/2013","Descri\u00e7\u00e3o":"D\u00c1 NOME \u00c0 RUA JOS\u00c9 ISA\u00cdAS PEREIRA NO MUNIC\u00cdPIO DE SANTANA DO ACARA\u00da E D\u00c1 OUTRAS PROVID\u00caNCIAS.","Categoria":"-"},{"N\u00famero":7921213,"Exerc\u00edcio":2013,"Data":"12\/12\/2013","Descri\u00e7\u00e3o":"D\u00c1 NOME \u00c0 RUA JO\u00c3O BOSCO ARCANJO NO MUNIC\u00cdPIO DE SANTANA DO ACARA\u00da E D\u00c1 OUTRAS PROVID\u00caNCIAS.","Categoria":"-"},{"N\u00famero":7911213,"Exerc\u00edcio":2013,"Data":"12\/12\/2013","Descri\u00e7\u00e3o":"D\u00c1 NOME \u00c0 RUA RAIMUNDO PIRAGIBE DE SOUZA NO MUNIC\u00cdPIO DE SANTANA DO ACARA\u00da E D\u00c1 OUTRAS PROVID\u00caNCIAS.","Categoria":"-"},{"N\u00famero":7901213,"Exerc\u00edcio":2013,"Data":"12\/12\/2013","Descri\u00e7\u00e3o":"DISP\u00d5E SOBRE A INDICA\u00c7\u00c3O DE DENOMEMCLATURA EM EDIFICA\u00c7\u00c3O P\u00daBLICA DO MUNIC\u00cdPIO DE SANTANA DO ACARA\u00da E D\u00c1 OUTRAS PROVID\u00caNCIAS.","Categoria":"-"},{"N\u00famero":7891213,"Exerc\u00edcio":2013,"Data":"12\/12\/2013","Descri\u00e7\u00e3o":"DISP\u00d5E SOBRE A CRIA\u00c7\u00c3O E INCLUS\u00c3O DA DISCIPLINA CONHECIMENTOS DO MUNIC\u00cdPIO NA GRADE CURRICULAR DAS ESCOLAS P\u00daBLICAS MUNICIPAIS.","Categoria":"-"},{"N\u00famero":7881213,"Exerc\u00edcio":2013,"Data":"12\/12\/2013","Descri\u00e7\u00e3o":"INSTITUI O DIA MUNICIPAL DA AGRICULTURA FAMILIAR NO \u00c2MBITO DO MUNIC\u00cdPIO DE SANTANA DO ACARA\u00da E D\u00c1 OUTRAS PROVID\u00caNCIAS.","Categoria":"-"},{"N\u00famero":7871113,"Exerc\u00edcio":2013,"Data":"20\/11\/2013","Descri\u00e7\u00e3o":"DISP\u00d5E SOBRE A IDENTIFICA\u00c7\u00c3O DOS VE\u00cdCULOS VINCULADOS OU DE PROPRIEDADE DA ADMINISTRA\u00c7\u00c3O P\u00daBLICA MUNICIPAL E D\u00c1 OUTRAS PROVID\u00caNCIAS.","Categoria":"-"},{"N\u00famero":7861113,"Exerc\u00edcio":2013,"Data":"20\/11\/2013","Descri\u00e7\u00e3o":"DISP\u00d5E SOBRE A CRIA\u00c7\u00c3O DA COMENDA LUIZ JUNIOR E D\u00c1 OUTRAS PROVID\u00caNCIAS.","Categoria":"-"},{"N\u00famero":7851013,"Exerc\u00edcio":2013,"Data":"18\/10\/2013","Descri\u00e7\u00e3o":"ALTERA A ESTRUTURA ORGANIZACIONAL DA ADMINISTRA\u00c7\u00c3O MUNICIPAL DE SANTANA DO ACARA\u00da, CRIANDO NOVOS CARGOS NA SECRETARIA.","Categoria":"-"},{"N\u00famero":7841013,"Exerc\u00edcio":2013,"Data":"07\/10\/2013","Descri\u00e7\u00e3o":"DISP\u00d5E SOBRE O PAGAMENTO DE ABONO PECUNI\u00c1RIO AOS M\u00c9DICOS DO PROGRAMA \u201cMAIS M\u00c9DICOS\u201d PARA CUSTEAR DESPESAS COM ALIMENTA\u00c7\u00c3O.","Categoria":"-"},{"N\u00famero":7831013,"Exerc\u00edcio":2013,"Data":"07\/10\/2013","Descri\u00e7\u00e3o":"ALTERA O CAPUT DO ART. 1\u00ba DA LEI MUNICIPAL N\u00ba 714\/2011, DE 11 DE ABRIL DE 2011, E D\u00c1 OUTRAS PROVID\u00caNCIAS.","Categoria":"-"},{"N\u00famero":7821013,"Exerc\u00edcio":2013,"Data":"07\/10\/2013","Descri\u00e7\u00e3o":"ALTERA O VALOR DO VENCIMENTO B\u00c1SICO DOS M\u00c9DICOS DO PSF E D\u00c1 OUTRAS PROVID\u00caNCIAS.","Categoria":"-"},{"N\u00famero":7810913,"Exerc\u00edcio":2013,"Data":"30\/09\/2013","Descri\u00e7\u00e3o":"CONSIDERA DE UTILIDADE P\u00daBLICA A INSTITUI\u00c7\u00c3O CENTRO ESP\u00cdRITA CHICO XAVIER, NO MUNIC\u00cdPIO DE SANTANA DO ACARA\u00da.","Categoria":"-"},{"N\u00famero":7800913,"Exerc\u00edcio":2013,"Data":"30\/09\/2013","Descri\u00e7\u00e3o":"CONSIDERA DE UTILIDADE P\u00daBLICA A ENTIDADE PATRONATO SANTANA, QUE INDICA E D\u00c1 OUTRAS PROVID\u00caNCIAS.","Categoria":"-"},{"N\u00famero":7790913,"Exerc\u00edcio":2013,"Data":"30\/09\/2013","Descri\u00e7\u00e3o":"RATIFICA O PROTOCOLO FIRMADO ENTRE OS MUNIC\u00cdPIOS DE ACARAPE, BEBERIBE, CASCAVEL, CRATE\u00daS, FARIAS BRITO, IPU, ...","Categoria":"-"},{"N\u00famero":7771013,"Exerc\u00edcio":2013,"Data":"16\/10\/2013","Descri\u00e7\u00e3o":"RESTABELECE, NO \u00c2MBITO DO PODER LEGISLATIVO DO MUNIC\u00cdPIO DE SANTANA DO ACARA\u00da, A CONDECORA\u00c7\u00c3O MEDALHA DO M\u00c9RITO CULTURAL.","Categoria":"-"},{"N\u00famero":7761013,"Exerc\u00edcio":2013,"Data":"16\/10\/2013","Descri\u00e7\u00e3o":"DISP\u00d5E SOBRE AS DIRETRIZES PARA ELABORA\u00c7\u00c3O DA LEI OR\u00c7AMENT\u00c1RIA DE 2014 E D\u00c1 OUTRAS PROVID\u00caNCIAS.","Categoria":"-"},{"N\u00famero":7750913,"Exerc\u00edcio":2013,"Data":"30\/09\/2013","Descri\u00e7\u00e3o":"CONSIDERA DE UTILIDADE P\u00daBLICA A ASSOCIA\u00c7\u00c3O COMUNIT\u00c1RIA MANOEL FREDERICO DA PONTE DE S\u00c3O MAUR\u00cdCIO, NO MUNIC\u00cdPIO DE SANTANA DO ACARA\u00da.","Categoria":"-"},{"N\u00famero":7740913,"Exerc\u00edcio":2013,"Data":"30\/09\/2013","Descri\u00e7\u00e3o":"D\u00c1 NOME \u00c0 TRAVESSIA D. MARIA DO EZIM, QUE INDICA, E D\u00c1 OUTRAS PROVID\u00caNCIAS.","Categoria":"-"},{"N\u00famero":7730913,"Exerc\u00edcio":2013,"Data":"12\/09\/2013","Descri\u00e7\u00e3o":"CRIA E REGULAMENTA, NO \u00c2MBITO DO MUNIC\u00cdPIO DE SANTANA DO ACARA\u00da, O SISTEMA DE TRANSPORTE DE PASSAGEIROS, NA FORMA QUE INDICA.","Categoria":"-"},{"N\u00famero":7720913,"Exerc\u00edcio":2013,"Data":"12\/09\/2013","Descri\u00e7\u00e3o":"DISP\u00d5E SOBRE A CRIA\u00c7\u00c3O DA POL\u00cdTICA MUNICIPAL DO IDOSO, DO CONSELHO DO IDOSO DO MUNIC\u00cdPIO DE SANTANA DO ACARA\u00da E D\u00c1 OUTRAS PROVID\u00caNCIAS.","Categoria":"-"},{"N\u00famero":7710913,"Exerc\u00edcio":2013,"Data":"12\/09\/2013","Descri\u00e7\u00e3o":"DISP\u00d5E SOBRE A CRIA\u00c7\u00c3O DA COORDENADORIA MUNICIPAL DE PROTE\u00c7\u00c3O E DEFESA CIVIL (COMPDEC).","Categoria":"-"},{"N\u00famero":7700813,"Exerc\u00edcio":2013,"Data":"12\/08\/2013","Descri\u00e7\u00e3o":"DISP\u00d5E SOBRE A LOTA\u00c7\u00c3O DE UM PROFESSOR QUALIFICADO PARA EDUCA\u00c7\u00c3O DE JOVENS E ADULTOS AOS DETENTOS NA CADEIA.","Categoria":"-"},{"N\u00famero":7690613,"Exerc\u00edcio":2013,"Data":"12\/06\/2013","Descri\u00e7\u00e3o":"DISP\u00d5E SOBRE O PAGAMENTO DE PRODUTIVIDADE PARA PROFISSIONAIS DAS EQUIPES DE ESTRAT\u00c9GIA DE SA\u00daDE DA FAM\u00cdLIA.","Categoria":"-"},{"N\u00famero":7680613,"Exerc\u00edcio":2013,"Data":"12\/06\/2013","Descri\u00e7\u00e3o":"INSTITUI E DISCIPLINA GRATIFICA\u00c7\u00d5ES MENSAIS AOS SERVIDORES MUNICIPAIS OCUPANTES DOS CARGOS DE AGENTE DE COMBATE \u00c0S ENDEMIAS.","Categoria":"-"},{"N\u00famero":7670813,"Exerc\u00edcio":2013,"Data":"12\/08\/2013","Descri\u00e7\u00e3o":"ABRE CR\u00c9DITO ADICIONAL ESPECIAL AO VIGENTE OR\u00c7AMENTO PARA SUPRIR DESPESAS COM A AQUISI\u00c7\u00c3O E DOA\u00c7\u00c3O DE MEDICAMENTOS.","Categoria":"-"},{"N\u00famero":7660813,"Exerc\u00edcio":2013,"Data":"12\/08\/2013","Descri\u00e7\u00e3o":"DISP\u00d5E SOBRE A ALTERA\u00c7\u00c3O DO ART. 1\u00ba DA LEI MUNICIPAL N\u00ba 631\/2007 E D\u00c1 OUTRAS PROVID\u00caNCIAS.","Categoria":"-"},{"N\u00famero":7650813,"Exerc\u00edcio":2013,"Data":"21\/08\/2013","Descri\u00e7\u00e3o":"DISP\u00d5E SOBRE OS NOVOS VALORES A SEREM PAGOS AO PREFEITO, VICE-PREFEITO, CHEFE DE GABINETE E SECRET\u00c1RIOS MUNICIPAIS.","Categoria":"-"},{"N\u00famero":7640813,"Exerc\u00edcio":2013,"Data":"12\/08\/2013","Descri\u00e7\u00e3o":"DISP\u00d5E SOBRE NORMAS ESPEC\u00cdFICAS EM MAT\u00c9RIA DE LICITA\u00c7\u00c3O E CONTRATOS ADMINISTRATIVOS NO \u00c2MBITO DO MUNIC\u00cdPIO DE SANTANA DO ACARA\u00da.","Categoria":"-"},{"N\u00famero":7630813,"Exerc\u00edcio":2013,"Data":"12\/08\/2013","Descri\u00e7\u00e3o":"CRIA CARGOS DE PROVIMENTO EFETIVO NO QUADRO DE PESSOAL DA C\u00c2MARA MUNICIPAL DE SANTANA DO ACARA\u00da, DEFINE NORMAS GERAIS E D\u00c1 OUTRAS PROVID\u00caNCIAS.","Categoria":"-"},{"N\u00famero":7620813,"Exerc\u00edcio":2013,"Data":"14\/08\/2013","Descri\u00e7\u00e3o":"AUTORIZA O TRANSPORTE INTERMUNICIPAL DE ESTUDANTES DE CURSOS T\u00c9CNICOS, SUPERIORES, TECNOL\u00d3GICOS E DE GRADUA\u00c7\u00c3O.","Categoria":"-"},{"N\u00famero":7610613,"Exerc\u00edcio":2013,"Data":"14\/06\/2013","Descri\u00e7\u00e3o":"ACRESCE O PAR\u00c1GRAFO \u00daNICO AO ART. 3\u00ba DA LEI MUNICIPAL N\u00ba 745\/2012 E D\u00c1 OUTRAS PROVID\u00caNCIAS.","Categoria":"-"},{"N\u00famero":7600613,"Exerc\u00edcio":2013,"Data":"14\/06\/2013","Descri\u00e7\u00e3o":"ESTRUTURA DA C\u00c2MARA.","Categoria":"-"},{"N\u00famero":7590513,"Exerc\u00edcio":2013,"Data":"20\/05\/2013","Descri\u00e7\u00e3o":"DISP\u00d5E SOBRE A INDICA\u00c7\u00c3O DE NOMENCLATURA EM EDIFICA\u00c7\u00c3O P\u00daBLICA DE SANTANA DO ACARA\u00da E D\u00c1 OUTRAS PROVID\u00caNCIAS.","Categoria":"-"},{"N\u00famero":7580513,"Exerc\u00edcio":2013,"Data":"20\/05\/2013","Descri\u00e7\u00e3o":"DISP\u00d5E SOBRE O NOVO VALOR DO PISO SALARIAL E DO NOVO PERCENTUAL DA GRATIFICA\u00c7\u00c3O DE INCENTIVO \u00c0 DOC\u00caNCIA DOS PROFISSIONAIS.","Categoria":"-"},{"N\u00famero":7570513,"Exerc\u00edcio":2013,"Data":"20\/05\/2013","Descri\u00e7\u00e3o":"ALTERA O ART. 3\u00ba DA LEI N\u00ba 517, DE 07\/10\/2015 (COMAD), E D\u00c1 OUTRAS PROVID\u00caNCIAS.","Categoria":"-"},{"N\u00famero":7560513,"Exerc\u00edcio":2013,"Data":"20\/05\/2013","Descri\u00e7\u00e3o":"AUTORIZA A ABERTURA DE CR\u00c9DITO ADICIONAL ESPECIAL AO VIGENTE OR\u00c7AMENTO E D\u00c1 OUTRAS PROVID\u00caNCIAS.","Categoria":"-"},{"N\u00famero":7550413,"Exerc\u00edcio":2013,"Data":"05\/04\/2013","Descri\u00e7\u00e3o":"DISP\u00d5E SOBRE A PROCURADORIA DO MUNIC\u00cdPIO DENTRO DA ESTRUTURA ORGANIZACIONAL DA ADMINISTRA\u00c7\u00c3O MUNICIPAL DE SANTANA DO ACARA\u00da.","Categoria":"-"},{"N\u00famero":7540413,"Exerc\u00edcio":2013,"Data":"08\/04\/2013","Descri\u00e7\u00e3o":"DISP\u00d5E SOBRE A INSTITUI\u00c7\u00c3O DO NOVO BRAS\u00c3O DO MUNIC\u00cdPIO DE SANTANA DO ACARA\u00da E D\u00c1 OUTRAS PROVID\u00caNCIAS.","Categoria":"-"},{"N\u00famero":7530213,"Exerc\u00edcio":2013,"Data":"14\/02\/2013","Descri\u00e7\u00e3o":"DENOMINA DE EDIF\u00cdCIO PROFESSORA ANA SORAIA GALDINO O PR\u00c9DIO P\u00daBLICO E D\u00c1 OUTRAS PROVID\u00caNCIAS.","Categoria":"-"},{"N\u00famero":7520113,"Exerc\u00edcio":2013,"Data":"02\/01\/2013","Descri\u00e7\u00e3o":"INSTITUI NO MUNIC\u00cdPIO DE SANTANA DO ACARA\u00da O PROGRAMA BOLSA DE TRABALHO, DESTINADO A ESTUDANTES UNIVERSIT\u00c1RIOS.","Categoria":"-"},{"N\u00famero":7510113,"Exerc\u00edcio":2013,"Data":"02\/01\/2013","Descri\u00e7\u00e3o":"DISP\u00d5E SOBRE A PRESERVA\u00c7\u00c3O DO PATRIM\u00d4NIO CULTURAL, HIST\u00d3RICO E NATURAL DE SANTANA DO ACARA\u00da, NA FORMA QUE INDICA, E D\u00c1 OUTRAS PROVID\u00caNCIAS.","Categoria":"-"},{"N\u00famero":7500113,"Exerc\u00edcio":2013,"Data":"02\/01\/2013","Descri\u00e7\u00e3o":"AUTORIZA A UTILIZA\u00c7\u00c3O DO TERRENO MUNICIPAL SITUADO NO BAIRRO JO\u00c3O ALFREDO COMO CAMPO DE FUTEBOL PELOS MORADORES.","Categoria":"-"},{"N\u00famero":7490113,"Exerc\u00edcio":2013,"Data":"02\/01\/2013","Descri\u00e7\u00e3o":"DISP\u00d5E SOBRE O ESTABELECIMENTO DO DIA 15 DE NOVEMBRO COMO O DIA DA MARCHA DO VALE, A SER OBSERVADO E RESPEITADO.","Categoria":"-"},{"N\u00famero":7461012,"Exerc\u00edcio":2012,"Data":"02\/10\/2012","Descri\u00e7\u00e3o":"FIXA O SUBS\u00cdDIO DO PREFEITO, DO VICE-PREFEITO E DOS SECRET\u00c1RIOS PARA O QUADRI\u00caNIO DE 2013-2016.","Categoria":"-"},{"N\u00famero":7451012,"Exerc\u00edcio":2012,"Data":"02\/10\/2012","Descri\u00e7\u00e3o":"FIXA O SUBS\u00cdDIO DOS VEREADORES PARA O EXERC\u00cdCIO DE 2013-2016.","Categoria":"-"},{"N\u00famero":7440612,"Exerc\u00edcio":2012,"Data":"22\/06\/2012","Descri\u00e7\u00e3o":"VI CONFER\u00caNCIA MUNICIPAL DE SA\u00daDE (29-06-2011).","Categoria":"-"},{"N\u00famero":7420611,"Exerc\u00edcio":2012,"Data":"22\/06\/2012","Descri\u00e7\u00e3o":"AVENIDA EX-PREFEITO JOS\u00c9 ALDENIR FARIAS.","Categoria":"-"},{"N\u00famero":7410611,"Exerc\u00edcio":2012,"Data":"22\/06\/2012","Descri\u00e7\u00e3o":"NOMINA O PR\u00c9DIO ESCOLAR DA LOCALIDADE DE CANAF\u00cdSTULA E D\u00c1 OUTRAS PROVID\u00caNCIAS.","Categoria":"-"},{"N\u00famero":7400612,"Exerc\u00edcio":2012,"Data":"22\/06\/2012","Descri\u00e7\u00e3o":"NOMINA A VILA, AINDA SEM NOME, NO BAIRRO JO\u00c3O ALFREDO E D\u00c1 OUTRAS PROVID\u00caNCIAS.","Categoria":"-"},{"N\u00famero":7390512,"Exerc\u00edcio":2012,"Data":"22\/05\/2012","Descri\u00e7\u00e3o":"DISP\u00d5E SOBRE A ALTERA\u00c7\u00c3O DO ART. 1\u00ba DA LEI MUNICIPAL N\u00ba 631\/2007 E D\u00c1 OUTRAS PROVID\u00caNCIAS.","Categoria":"-"},{"N\u00famero":7380512,"Exerc\u00edcio":2012,"Data":"22\/05\/2012","Descri\u00e7\u00e3o":"RUA MARIA DO SOCORRO AM\u00c2NCIO MARTINS.","Categoria":"-"},{"N\u00famero":7370512,"Exerc\u00edcio":2012,"Data":"22\/05\/2012","Descri\u00e7\u00e3o":"RUA JOS\u00c9 BENONE ALVES.","Categoria":"-"},{"N\u00famero":7360312,"Exerc\u00edcio":2012,"Data":"09\/03\/2012","Descri\u00e7\u00e3o":"DISP\u00d5E SOBRE O BUSTO EM HOMENAGEM AO EX-PREFEITO ANT\u00d4NIO GOMES DE ARA\u00daJO.","Categoria":"-"},{"N\u00famero":7350312,"Exerc\u00edcio":2012,"Data":"09\/03\/2012","Descri\u00e7\u00e3o":"RECONHECIMENTO DE UTILIDADE P\u00daBLICA E D\u00c1 OUTRAS PROVID\u00caNCIAS.","Categoria":"-"},{"N\u00famero":7340312,"Exerc\u00edcio":2012,"Data":"09\/03\/2012","Descri\u00e7\u00e3o":"ESTABELECE NOVO PISO SALARIAL PARA OS PROFISSIONAIS DA EDUCA\u00c7\u00c3O.","Categoria":"-"},{"N\u00famero":7290711,"Exerc\u00edcio":2011,"Data":"11\/07\/2011","Descri\u00e7\u00e3o":"ALTERA OS ARTS. 1\u00ba, 2\u00ba E 3\u00ba DA LEI MUNICIPAL N\u00ba 713\/2011, DE 08 DE ABRIL DE 2011, E D\u00c1 OUTRAS PROVID\u00caNCIAS.","Categoria":"-"},{"N\u00famero":7280711,"Exerc\u00edcio":2011,"Data":"11\/07\/2011","Descri\u00e7\u00e3o":"DISCIPLINA A CONCESS\u00c3O DE BONIFICA\u00c7\u00c3O PARA OS PROFISSIONAIS DA EDUCA\u00c7\u00c3O.","Categoria":"-"},{"N\u00famero":7270611,"Exerc\u00edcio":2011,"Data":"20\/06\/2011","Descri\u00e7\u00e3o":"ALTERA O ART. 1\u00ba DA LEI MUNICIPAL N\u00ba 631\/2007, DE 05 DE DEZEMBRO DE 2007, E D\u00c1 OUTRAS PROVID\u00caNCIAS.","Categoria":"-"},{"N\u00famero":7260511,"Exerc\u00edcio":2011,"Data":"18\/05\/2011","Descri\u00e7\u00e3o":"DIRETRIZES PARA A ELABORA\u00c7\u00c3O DA LEI OR\u00c7AMENT\u00c1RIA PARA O EXERC\u00cdCIO DE 2012.","Categoria":"-"},{"N\u00famero":7250511,"Exerc\u00edcio":2011,"Data":"18\/05\/2011","Descri\u00e7\u00e3o":"ALTERA O CAPUT DO ART. 1\u00ba DA LEI MUNICIPAL N\u00ba 493\/2005, DE 29 DE JANEIRO DE 2005, E D\u00c1 OUTRAS PROVID\u00caNCIAS.","Categoria":"-"},{"N\u00famero":7240411,"Exerc\u00edcio":2011,"Data":"29\/04\/2011","Descri\u00e7\u00e3o":"DISP\u00d5E SOBRE A NOMENCLATURA DA ESCOLA MUNICIPAL DA LAGOA DO SERROTE E D\u00c1 OUTRAS PROVID\u00caNCIAS.","Categoria":"-"},{"N\u00famero":7230411,"Exerc\u00edcio":2011,"Data":"29\/04\/2011","Descri\u00e7\u00e3o":"INCLUS\u00c3O DO PR\u00c9DIO SEDE DA PREFEITURA DE SANTANA DO ACARA\u00da NO PATRIM\u00d4NIO.","Categoria":"-"},{"N\u00famero":7220411,"Exerc\u00edcio":2011,"Data":"29\/04\/2011","Descri\u00e7\u00e3o":"INCLUS\u00c3O DO PR\u00c9DIO SOBRADO PADRE ARAKEM NO PATRIM\u00d4NIO.","Categoria":"-"},{"N\u00famero":7210411,"Exerc\u00edcio":2011,"Data":"29\/04\/2011","Descri\u00e7\u00e3o":"INCLUS\u00c3O DO PR\u00c9DIO DA CADEIA P\u00daBLICA NO PATRIM\u00d4NIO.","Categoria":"-"},{"N\u00famero":7200411,"Exerc\u00edcio":2011,"Data":"29\/04\/2011","Descri\u00e7\u00e3o":"INCLUS\u00c3O DO PR\u00c9DIO DA IGREJA S\u00c3O BARTOLOMEU NO PATRIM\u00d4NIO.","Categoria":"-"},{"N\u00famero":7190411,"Exerc\u00edcio":2011,"Data":"29\/04\/2011","Descri\u00e7\u00e3o":"INCLUS\u00c3O DA PRA\u00c7A CONGRESSO EUCAR\u00cdSTICO NO PATRIM\u00d4NIO HIST\u00d3RICO.","Categoria":"-"},{"N\u00famero":7180411,"Exerc\u00edcio":2011,"Data":"29\/04\/2011","Descri\u00e7\u00e3o":"INCLUS\u00c3O DO PR\u00c9DIO ALCIONE CLUBE NO PATRIM\u00d4NIO.","Categoria":"-"},{"N\u00famero":7170411,"Exerc\u00edcio":2011,"Data":"29\/04\/2011","Descri\u00e7\u00e3o":"INCLUS\u00c3O DO PR\u00c9DIO DA MATERNIDADE NO PATRIM\u00d4NIO HIST\u00d3RICO.","Categoria":"-"},{"N\u00famero":7160411,"Exerc\u00edcio":2011,"Data":"25\/04\/2011","Descri\u00e7\u00e3o":"DISP\u00d5E SOBRE O SERVI\u00c7O DE T\u00c1XI NO MUNIC\u00cdPIO DE SANTANA DO ACARA\u00da E D\u00c1 OUTRAS PROVID\u00caNCIAS.","Categoria":"-"},{"N\u00famero":7150411,"Exerc\u00edcio":2011,"Data":"20\/04\/2011","Descri\u00e7\u00e3o":"ALTERA O ARTIGO 196 DA LEI MUNICIPAL N\u00ba 336\/1995, DE 20 DE NOVEMBRO DE 1995, E D\u00c1 OUTRAS PROVID\u00caNCIAS.","Categoria":"-"},{"N\u00famero":7140411,"Exerc\u00edcio":2011,"Data":"11\/04\/2011","Descri\u00e7\u00e3o":"ALTERA O CAPUT DO ART. 1\u00ba DA LEI MUNICIPAL N\u00ba 504\/2005, DE 20 DE JULHO DE 2005, E D\u00c1 OUTRAS PROVID\u00caNCIAS.","Categoria":"-"},{"N\u00famero":7130411,"Exerc\u00edcio":2011,"Data":"11\/04\/2011","Descri\u00e7\u00e3o":"REAJUSTE DOS PROFISSIONAIS DO MAGIST\u00c9RIO.","Categoria":"-"},{"N\u00famero":7120211,"Exerc\u00edcio":2011,"Data":"08\/02\/2011","Descri\u00e7\u00e3o":"INCLUS\u00c3O DO PR\u00c9DIO SOBRADO JABURU NO PATRIM\u00d4NIO DE SANTANA.","Categoria":"-"},{"N\u00famero":7110211,"Exerc\u00edcio":2011,"Data":"08\/02\/2011","Descri\u00e7\u00e3o":"INCLUS\u00c3O DA IGREJA S\u00c3O JO\u00c3O NO PATRIM\u00d4NIO DE SANTANA.","Categoria":"-"},{"N\u00famero":7100211,"Exerc\u00edcio":2011,"Data":"08\/02\/2011","Descri\u00e7\u00e3o":"INCLUS\u00c3O DO PR\u00c9DIO DO PATRONATO NO PATRIM\u00d4NIO DE SANTANA.","Categoria":"-"},{"N\u00famero":7090211,"Exerc\u00edcio":2011,"Data":"08\/02\/2011","Descri\u00e7\u00e3o":"INCLUS\u00c3O DO PR\u00c9DIO DA IGREJA MATRIZ NOSSA SENHORA SANTANA NO PATRIM\u00d4NIO.","Categoria":"-"},{"N\u00famero":7080211,"Exerc\u00edcio":2011,"Data":"08\/02\/2011","Descri\u00e7\u00e3o":"INCLUS\u00c3O DA PRA\u00c7A PADRE ANT\u00d4NIO TOMAZ NO PATRIM\u00d4NIO.","Categoria":"-"},{"N\u00famero":7050510,"Exerc\u00edcio":2010,"Data":"26\/05\/2010","Descri\u00e7\u00e3o":"DIRETRIZES PARA A ELABORA\u00c7\u00c3O DA LEI OR\u00c7AMENT\u00c1RIA.","Categoria":"-"},{"N\u00famero":7040410,"Exerc\u00edcio":2010,"Data":"13\/04\/2010","Descri\u00e7\u00e3o":"ALTERA OS INCISOS II E III DO ARTIGO 6\u00ba DA LEI MUNICIPAL N\u00ba 368\/1997, DE 20 DE NOVEMBRO DE 1997, E D\u00c1 OUTRAS PROVID\u00caNCIAS.","Categoria":"-"},{"N\u00famero":7030410,"Exerc\u00edcio":2010,"Data":"13\/04\/2010","Descri\u00e7\u00e3o":"CRIA A COORDENADORIA MUNICIPAL DE DEFESA CIVIL (COMDEC).","Categoria":"-"},{"N\u00famero":7020410,"Exerc\u00edcio":2010,"Data":"10\/04\/2010","Descri\u00e7\u00e3o":"REAJUSTE DOS PROFISSIONAIS DO MAGIST\u00c9RIO.","Categoria":"-"},{"N\u00famero":7000310,"Exerc\u00edcio":2010,"Data":"30\/03\/2010","Descri\u00e7\u00e3o":"DECLARA DE UTILIDADE P\u00daBLICA O CENTRO ESP\u00cdRITA CHICO XAVIER.","Categoria":"-"},{"N\u00famero":6990310,"Exerc\u00edcio":2010,"Data":"30\/03\/2010","Descri\u00e7\u00e3o":"CONV\u00caNIO DE COOPERA\u00c7\u00c3O M\u00daTUA COM A ASSOCIA\u00c7\u00c3O RECICLANIP.","Categoria":"-"},{"N\u00famero":6980310,"Exerc\u00edcio":2010,"Data":"30\/03\/2010","Descri\u00e7\u00e3o":"CRIA O CONSELHO GESTOR DO TELECENTRO COMUNIT\u00c1RIO DE SANTANA.","Categoria":"-"},{"N\u00famero":6970210,"Exerc\u00edcio":2010,"Data":"08\/02\/2010","Descri\u00e7\u00e3o":"FIXA O SUBS\u00cdDIO DOS SECRET\u00c1RIOS MUNICIPAIS DE SANTANA DO ACARA\u00da, NA FORMA QUE INDICA, E D\u00c1 OUTRAS PROVID\u00caNCIAS.","Categoria":"-"},{"N\u00famero":6960110,"Exerc\u00edcio":2010,"Data":"27\/01\/2010","Descri\u00e7\u00e3o":"CRIA A OUVIDORIA GERAL DO MUNIC\u00cdPIO DE SANTANA DO ACARA\u00da E D\u00c1 OUTRAS PROVID\u00caNCIAS.","Categoria":"-"},{"N\u00famero":700,"Exerc\u00edcio":2010,"Data":"30\/03\/2010","Descri\u00e7\u00e3o":"DECLARA DE UTILIDADE P\u00daBLICA O CENTRO ESP\u00cdRITA CHICO XAVIER","Categoria":"-"},{"N\u00famero":699,"Exerc\u00edcio":2010,"Data":"30\/03\/2010","Descri\u00e7\u00e3o":"AUTORIZA O PODER EXECUTIVO MUNICIPAL A FIRMAR CONV\u00caNIO DE COOPERA\u00c7\u00c3O M\u00daTUA COM A ASSOCIA\u00c7\u00c3O RECICLANIP","Categoria":"-"},{"N\u00famero":698,"Exerc\u00edcio":2010,"Data":"30\/03\/2010","Descri\u00e7\u00e3o":"CRIA O CONSELHO GESTOR DO TELECENTRO COMUNIT\u00c1RIO DO MUNIC\u00cdPIO","Categoria":"-"},{"N\u00famero":698,"Exerc\u00edcio":2010,"Data":"30\/03\/2010","Descri\u00e7\u00e3o":"CRIA O CONSELHO GESTOR DO TELECENTRO COMUNIT\u00c1RIO DO MUNIC\u00cdPIO","Categoria":"-"},{"N\u00famero":697,"Exerc\u00edcio":2010,"Data":"08\/02\/2010","Descri\u00e7\u00e3o":"FIXA O SUBSIDIO DOS SECRET\u00c1RIOS MUNICIPAIS DE SANTANA DO ACARA\u00da","Categoria":"-"},{"N\u00famero":696,"Exerc\u00edcio":2010,"Data":"27\/01\/2010","Descri\u00e7\u00e3o":"CRIA A OUVIDORIA GERAL DO MUNIC\u00cdPIO DE SANTANA DO ACARA\u00da E D\u00c1 OUTRAS PROVID\u00caNCIAS","Categoria":"-"},{"N\u00famero":6951209,"Exerc\u00edcio":2009,"Data":"28\/12\/2009","Descri\u00e7\u00e3o":"PROCESSO SELETIVO DOS DIRETORES DAS ESCOLAS-POLO DO MUNIC\u00cdPIO.","Categoria":"-"},{"N\u00famero":6931209,"Exerc\u00edcio":2009,"Data":"28\/12\/2009","Descri\u00e7\u00e3o":"REESTRUTURA\u00c7\u00c3O DO PLANO DE CARGOS E CARREIRA DOS PROFISSIONAIS DO MAGIST\u00c9RIO.","Categoria":"-"},{"N\u00famero":6921209,"Exerc\u00edcio":2009,"Data":"28\/12\/2009","Descri\u00e7\u00e3o":"PROTOCOLO DE INTEN\u00c7\u00c3O FIRMADO ENTRE O GOVERNO DO ESTADO E AS SECRETARIAS DE SA\u00daDE.","Categoria":"-"},{"N\u00famero":6911209,"Exerc\u00edcio":2009,"Data":"28\/12\/2009","Descri\u00e7\u00e3o":"CONS\u00d3RCIO MUNICIPAL PARA DESTINA\u00c7\u00c3O FINAL DE RES\u00cdDUOS.","Categoria":"-"},{"N\u00famero":6901209,"Exerc\u00edcio":2009,"Data":"28\/12\/2009","Descri\u00e7\u00e3o":"ESTRUTURA ORGANIZACIONAL DA PREFEITURA MUNICIPAL.","Categoria":"-"},{"N\u00famero":6881109,"Exerc\u00edcio":2009,"Data":"24\/11\/2009","Descri\u00e7\u00e3o":"CONTRATAR FINANCIAMENTO JUNTO AO BANCO DO BNDES.","Categoria":"-"},{"N\u00famero":6871109,"Exerc\u00edcio":2009,"Data":"24\/11\/2009","Descri\u00e7\u00e3o":"AUTORIZA A ABERTURA DE CR\u00c9DITO ESPECIAL AO VIGENTE OR\u00c7AMENTO.","Categoria":"-"},{"N\u00famero":6861109,"Exerc\u00edcio":2009,"Data":"24\/11\/2009","Descri\u00e7\u00e3o":"GRATIFICA\u00c7\u00c3O DE DIF\u00cdCIL ACESSO DOS SERVIDORES DO MAGIST\u00c9RIO.","Categoria":"-"},{"N\u00famero":6851109,"Exerc\u00edcio":2009,"Data":"24\/11\/2009","Descri\u00e7\u00e3o":"AUTORIZA O PAGAMENTO DE ABONO SALARIAL NA FORMA QUE INDICA E D\u00c1 OUTRAS PROVID\u00caNCIAS.","Categoria":"-"},{"N\u00famero":6831109,"Exerc\u00edcio":2009,"Data":"13\/11\/2009","Descri\u00e7\u00e3o":"ACRESCENTA O \u00a7 5\u00ba AO ARTIGO 1\u00ba DA LEI MUNICIPAL N\u00ba 427\/2001, DE 23 DE MAR\u00c7O DE 2001, E D\u00c1 OUTRAS PROVID\u00caNCIAS.","Categoria":"-"},{"N\u00famero":6820609,"Exerc\u00edcio":2009,"Data":"23\/06\/2009","Descri\u00e7\u00e3o":"DIRETRIZES PARA A ELABORA\u00c7\u00c3O DA LEI OR\u00c7AMENT\u00c1RIA DO EXERC\u00cdCIO DE 2010.","Categoria":"-"},{"N\u00famero":6810609,"Exerc\u00edcio":2009,"Data":"23\/06\/2009","Descri\u00e7\u00e3o":"DECLARA DE UTILIDADE P\u00daBLICA A ORGANIZA\u00c7\u00c3O N\u00c3O GOVERNAMENTAL JOS\u00c9 AMAURY ARA\u00daJO E D\u00c1 OUTRAS PROVID\u00caNCIAS.","Categoria":"-"},{"N\u00famero":6800609,"Exerc\u00edcio":2009,"Data":"23\/06\/2009","Descri\u00e7\u00e3o":"ALTERA O ARTIGO 5\u00ba DA LEI MUNICIPAL N\u00ba 633\/2007, DE 05 DE DEZEMBRO DE 2007, E D\u00c1 OUTRAS PROVID\u00caNCIAS.","Categoria":"-"},{"N\u00famero":6790609,"Exerc\u00edcio":2009,"Data":"23\/06\/2009","Descri\u00e7\u00e3o":"APRECE","Categoria":"-"},{"N\u00famero":6780609,"Exerc\u00edcio":2009,"Data":"05\/06\/2009","Descri\u00e7\u00e3o":"AUTORIZA A ABERTURA DE CR\u00c9DITO ESPECIAL AO VIGENTE OR\u00c7AMENTO FISCAL.","Categoria":"-"},{"N\u00famero":6770509,"Exerc\u00edcio":2009,"Data":"22\/05\/2009","Descri\u00e7\u00e3o":"DOA TERRENO PARA CONSTRU\u00c7\u00c3O DA AG\u00caNCIA DO INSS.","Categoria":"-"},{"N\u00famero":6760509,"Exerc\u00edcio":2009,"Data":"13\/05\/2009","Descri\u00e7\u00e3o":"ALTERA O ARTIGO 8\u00ba DA LEI N\u00ba 650\/2008 \u2013 PLANO DE CARGOS DA CATEGORIA DE AGENTES DE SA\u00daDE.","Categoria":"-"},{"N\u00famero":6750409,"Exerc\u00edcio":2009,"Data":"13\/04\/2009","Descri\u00e7\u00e3o":"ALTERA O ARTIGO 1\u00ba DA LEI MUNICIPAL N\u00ba 631\/2007, DE 05 DE DEZEMBRO DE 2007, E D\u00c1 OUTRAS PROVID\u00caNCIAS.","Categoria":"-"},{"N\u00famero":6740309,"Exerc\u00edcio":2009,"Data":"23\/03\/2009","Descri\u00e7\u00e3o":"CONCEDE REFEI\u00c7\u00d5ES \u2013 LANCHE AOS SERVIDORES MUNICIPAIS, PRESTADORES DE SERVI\u00c7OS E AUTORIDADES.","Categoria":"-"},{"N\u00famero":6720309,"Exerc\u00edcio":2009,"Data":"23\/03\/2009","Descri\u00e7\u00e3o":"AUTORIZA O PODER EXECUTIVO A CONCEDER AJUDA, ASSIST\u00caNCIA, DOA\u00c7\u00d5ES E EQUIPAMENTOS.","Categoria":"-"},{"N\u00famero":6710309,"Exerc\u00edcio":2009,"Data":"12\/03\/2009","Descri\u00e7\u00e3o":"ESTRUTURA DA C\u00c2MARA.","Categoria":"-"},{"N\u00famero":6700309,"Exerc\u00edcio":2009,"Data":"04\/03\/2009","Descri\u00e7\u00e3o":"ALTERA AS LEIS MUNICIPAIS N\u00ba 647\/2008 E N\u00ba 555\/2007.","Categoria":"-"},{"N\u00famero":6690309,"Exerc\u00edcio":2009,"Data":"04\/03\/2009","Descri\u00e7\u00e3o":"INSTITUI A REMUNERA\u00c7\u00c3O M\u00cdNIMA DOS INTEGRANTES DO GRUPO OCUPACIONAL MAGIST\u00c9RIO E D\u00c1 OUTRAS PROVID\u00caNCIAS.","Categoria":"-"},{"N\u00famero":6680209,"Exerc\u00edcio":2009,"Data":"04\/02\/2009","Descri\u00e7\u00e3o":"FIXA OS VALORES DAS DI\u00c1RIAS AOS BENEFICI\u00c1RIOS QUE INDICA E D\u00c1 OUTRAS PROVID\u00caNCIAS.","Categoria":"-"},{"N\u00famero":6680209,"Exerc\u00edcio":2009,"Data":"04\/02\/2009","Descri\u00e7\u00e3o":"FIXA OS VALORES DAS DI\u00c1RIAS AOS BENEFICI\u00c1RIOS QUE INDICA E D\u00c1 OUTRAS PROVID\u00caNCIAS.","Categoria":"-"},{"N\u00famero":6670209,"Exerc\u00edcio":2009,"Data":"04\/02\/2009","Descri\u00e7\u00e3o":"ALTERA A LEI QUE EXIGIR\u00c1 PROVA ESCRITA PARA O CONSELHO TUTELAR.","Categoria":"-"},{"N\u00famero":6660209,"Exerc\u00edcio":2009,"Data":"04\/02\/2009","Descri\u00e7\u00e3o":"DESPESAS COM POL\u00cdCIA, CART\u00d3RIO E F\u00d3RUM.","Categoria":"-"},{"N\u00famero":6650109,"Exerc\u00edcio":2009,"Data":"28\/01\/2009","Descri\u00e7\u00e3o":"DOA O TERRENO PARA CONSTRU\u00c7\u00c3O DA ESCOLA PROFISSIONALIZANTE.","Categoria":"-"},{"N\u00famero":6640109,"Exerc\u00edcio":2009,"Data":"28\/01\/2009","Descri\u00e7\u00e3o":"DESCENTRALIZA\u00c7\u00c3O ADMINISTRATIVA.","Categoria":"-"},{"N\u00famero":6630109,"Exerc\u00edcio":2009,"Data":"22\/01\/2009","Descri\u00e7\u00e3o":"DESPESAS EMERGENCIAIS PARA ATENDER NECESSIDADE TEMPOR\u00c1RIA.","Categoria":"-"},{"N\u00famero":6591208,"Exerc\u00edcio":2008,"Data":"18\/12\/2008","Descri\u00e7\u00e3o":"CONSTITUI\u00c7\u00c3O \u2013 REGRAS DE TRANSI\u00c7\u00c3O DE MANDATO DO PREFEITO ELEITO.","Categoria":"-"},{"N\u00famero":6551008,"Exerc\u00edcio":2008,"Data":"02\/10\/2008","Descri\u00e7\u00e3o":"DISP\u00d5E SOBRE A FIXA\u00c7\u00c3O DOS SUBS\u00cdDIOS DOS VEREADORES, EXERC\u00cdCIOS 2009-2012.","Categoria":"-"},{"N\u00famero":6541008,"Exerc\u00edcio":2008,"Data":"02\/10\/2008","Descri\u00e7\u00e3o":"FIXA O SUBS\u00cdDIO DO PREFEITO E DO VICE-PREFEITO PARA O EXERC\u00cdCIO DE 2009-2012.","Categoria":"-"},{"N\u00famero":6530808,"Exerc\u00edcio":2008,"Data":"07\/08\/2008","Descri\u00e7\u00e3o":"CONSIDERA DE UTILIDADE P\u00daBLICA A ENTIDADE LIGA SANTANENSE DE FUTEBOL E D\u00c1 OUTRAS PROVID\u00caNCIAS.","Categoria":"-"},{"N\u00famero":6510608,"Exerc\u00edcio":2008,"Data":"19\/06\/2008","Descri\u00e7\u00e3o":"ALTERA O NOME DO LOGRADOURO P\u00daBLICO PRA\u00c7A DR. FEIJ\u00c3O.","Categoria":"-"},{"N\u00famero":6500508,"Exerc\u00edcio":2008,"Data":"08\/05\/2008","Descri\u00e7\u00e3o":"CRIA CARGO DE PROVIMENTO EFETIVO DE AGENTE COMUNIT\u00c1RIO DE SA\u00daDE.","Categoria":"-"},{"N\u00famero":6490408,"Exerc\u00edcio":2008,"Data":"17\/04\/2008","Descri\u00e7\u00e3o":"DISP\u00d5E SOBRE A CRIA\u00c7\u00c3O DA BANDA DE M\u00daSICA MUNICIPAL DE SANTANA DO ACARA\u00da.","Categoria":"-"},{"N\u00famero":6480408,"Exerc\u00edcio":2008,"Data":"17\/04\/2008","Descri\u00e7\u00e3o":"ABRE CR\u00c9DITO ADICIONAL ESPECIAL AO VIGENTE OR\u00c7AMENTO.","Categoria":"-"},{"N\u00famero":6470408,"Exerc\u00edcio":2008,"Data":"17\/04\/2008","Descri\u00e7\u00e3o":"ALTERA O ARTIGO 2\u00ba DA LEI N\u00ba 555\/2007, DE 23 DE MAR\u00c7O DE 2007.","Categoria":"-"},{"N\u00famero":6460408,"Exerc\u00edcio":2008,"Data":"03\/04\/2008","Descri\u00e7\u00e3o":"DISP\u00d5E SOBRE SAN\u00c7\u00d5ES ADMINISTRATIVAS A ESTABELECIMENTOS BANC\u00c1RIOS INFRATORES DOS DIREITOS DO CONSUMIDOR.","Categoria":"-"},{"N\u00famero":6450408,"Exerc\u00edcio":2008,"Data":"03\/04\/2008","Descri\u00e7\u00e3o":"CRIA CARGOS DE PROVIMENTO EFETIVO DE AGENTE DE COMBATE \u00c0S ENDEMIAS, NAS QUANTIDADES QUE ESPECIFICA.","Categoria":"-"},{"N\u00famero":6440308,"Exerc\u00edcio":2008,"Data":"06\/03\/2008","Descri\u00e7\u00e3o":"ALTERA O VALOR DO VENCIMENTO B\u00c1SICO DOS CARGOS DE AGENTE ADMINISTRATIVO, MOTORISTA E GARI.","Categoria":"-"},{"N\u00famero":6420208,"Exerc\u00edcio":2008,"Data":"28\/02\/2008","Descri\u00e7\u00e3o":"INSTITUI A LEI GERAL DA MICROEMPRESA E DA EMPRESA DE PEQUENO PORTE NO MUNIC\u00cdPIO DE SANTANA DO ACARA\u00da.","Categoria":"-"},{"N\u00famero":6410208,"Exerc\u00edcio":2008,"Data":"28\/02\/2008","Descri\u00e7\u00e3o":"ATRIBUI NOME AO LOGRADOURO P\u00daBLICO, RUA JOS\u00c9 EDMUNDO ARA\u00daJO.","Categoria":"-"},{"N\u00famero":6400208,"Exerc\u00edcio":2008,"Data":"28\/02\/2008","Descri\u00e7\u00e3o":"PROMOVE A REVIS\u00c3O ANUAL DOS SUBS\u00cdDIOS DOS VEREADORES DA C\u00c2MARA MUNICIPAL.","Categoria":"-"},{"N\u00famero":6430308,"Exerc\u00edcio":2007,"Data":"06\/03\/2007","Descri\u00e7\u00e3o":"ALTERA O VALOR DO VENCIMENTO B\u00c1SICO DOS PROFESSORES E PEDAGOGOS, ENFERMEIROS E DENTISTAS.","Categoria":"-"},{"N\u00famero":6391207,"Exerc\u00edcio":2007,"Data":"20\/12\/2007","Descri\u00e7\u00e3o":"ESTIMA A RECEITA E FIXA A DESPESA DO MUNIC\u00cdPIO PARA O EXERC\u00cdCIO DE 2008.","Categoria":"-"},{"N\u00famero":6381207,"Exerc\u00edcio":2007,"Data":"20\/12\/2007","Descri\u00e7\u00e3o":"AUTORIZA O PAGAMENTO DE ABONO SALARIAL PARA OS PROFESSORES.","Categoria":"-"},{"N\u00famero":6371207,"Exerc\u00edcio":2007,"Data":"20\/12\/2007","Descri\u00e7\u00e3o":"PLANO DIRETOR.","Categoria":"-"},{"N\u00famero":6371207,"Exerc\u00edcio":2007,"Data":"20\/12\/2007","Descri\u00e7\u00e3o":"PLANO DIRETOR (PARTE 02).","Categoria":"-"},{"N\u00famero":6371207,"Exerc\u00edcio":2007,"Data":"20\/12\/2007","Descri\u00e7\u00e3o":"PLANO DIRETOR (PARTE 03).","Categoria":"-"},{"N\u00famero":6371207,"Exerc\u00edcio":2007,"Data":"20\/12\/2007","Descri\u00e7\u00e3o":"PLANO DIRETOR (PARTE 04).","Categoria":"-"},{"N\u00famero":6371207,"Exerc\u00edcio":2007,"Data":"20\/12\/2007","Descri\u00e7\u00e3o":"PLANO DIRETOR (PARTE 05).","Categoria":"-"},{"N\u00famero":6371207,"Exerc\u00edcio":2007,"Data":"20\/12\/2007","Descri\u00e7\u00e3o":"PLANO DIRETOR (PARTE 06).","Categoria":"-"},{"N\u00famero":6361207,"Exerc\u00edcio":2007,"Data":"20\/12\/2007","Descri\u00e7\u00e3o":"PROTOCOLO DE INTEN\u00c7\u00d5ES E TERMOS ADITIVOS COM OS MUNIC\u00cdPIOS DE ALC\u00c2NTARAS, MARTIN\u00d3POLE, MASSAP\u00ca, MERUOCA, ETC.","Categoria":"-"},{"N\u00famero":6351207,"Exerc\u00edcio":2007,"Data":"20\/12\/2007","Descri\u00e7\u00e3o":"PARTICIPA DO CONSELHO DE APOIO AO DESENVOLVIMENTO SUSTENT\u00c1VEL E SOLID\u00c1RIO DO VALE DO ACARA\u00da.","Categoria":"-"},{"N\u00famero":6341207,"Exerc\u00edcio":2007,"Data":"20\/12\/2007","Descri\u00e7\u00e3o":"DISP\u00d5E SOBRE A CRIA\u00c7\u00c3O DO PROGRAMA MUNICIPAL DE DESENVOLVIMENTO DA PISCICULTURA DO MUNIC\u00cdPIO.","Categoria":"-"},{"N\u00famero":6331207,"Exerc\u00edcio":2007,"Data":"05\/12\/2007","Descri\u00e7\u00e3o":"CRIA O FUNDO MUNICIPAL DE HABITA\u00c7\u00c3O DE INTERESSE SOCIAL \u2013 FMHIS.","Categoria":"-"},{"N\u00famero":6321207,"Exerc\u00edcio":2007,"Data":"05\/12\/2007","Descri\u00e7\u00e3o":"ATRIBUI NOME AO LOGRADOURO P\u00daBLICO TRAVESSA JOS\u00c9 CIPRIANO DE ARA\u00daJO (JOS\u00c9 GUILHERME).","Categoria":"-"},{"N\u00famero":6311207,"Exerc\u00edcio":2007,"Data":"05\/12\/2007","Descri\u00e7\u00e3o":"ALTERA A SUBVEN\u00c7\u00c3O CONCEDIDA \u00c0 ASSOCIA\u00c7\u00c3O DOS AGENTES DE SA\u00daDE DE SANTANA.","Categoria":"-"},{"N\u00famero":6301107,"Exerc\u00edcio":2007,"Data":"22\/11\/2007","Descri\u00e7\u00e3o":"DISP\u00d5E SOBRE A CRIA\u00c7\u00c3O DA SECRETARIA DE CULTURA, TURISMO, DESPORTO E JUVENTUDE.","Categoria":"-"},{"N\u00famero":6291107,"Exerc\u00edcio":2007,"Data":"07\/11\/2007","Descri\u00e7\u00e3o":"ATRIBUI NOME AO LOGRADOURO P\u00daBLICO RUA D. IZABEL CAVALCANTE (D. IZ\u00c1).","Categoria":"-"},{"N\u00famero":6281007,"Exerc\u00edcio":2007,"Data":"03\/10\/2007","Descri\u00e7\u00e3o":"AUTORIZA O PODER EXECUTIVO A FIRMAR ACORDO DE PARCELAMENTO DE D\u00cdVIDA PARA COM A CAGECE.","Categoria":"-"},{"N\u00famero":6271007,"Exerc\u00edcio":2007,"Data":"03\/10\/2007","Descri\u00e7\u00e3o":"DISP\u00d5E SOBRE O REAJUSTE DO SUBS\u00cdDIO DO PREFEITO E DO VICE-PREFEITO DO MUNIC\u00cdPIO.","Categoria":"-"},{"N\u00famero":6260907,"Exerc\u00edcio":2007,"Data":"21\/09\/2007","Descri\u00e7\u00e3o":"PRORROGA, NO \u00c2MBITO DO MUNIC\u00cdPIO DE SANTANA, O PRAZO DE LICEN\u00c7A-MATERNIDADE DAS SERVIDORAS MUNICIPAIS.","Categoria":"-"},{"N\u00famero":6250907,"Exerc\u00edcio":2007,"Data":"05\/09\/2007","Descri\u00e7\u00e3o":"AUTORIZA O PODER EXECUTIVO A CELEBRAR PARCELAMENTO DE D\u00cdVIDA COM O INSS.","Categoria":"-"},{"N\u00famero":6240807,"Exerc\u00edcio":2007,"Data":"22\/08\/2007","Descri\u00e7\u00e3o":"ATRIBUI NOME AO LOGRADOURO P\u00daBLICO A RUA GERARDO ADEODATO CARNEIRO.","Categoria":"-"},{"N\u00famero":6230807,"Exerc\u00edcio":2007,"Data":"23\/08\/2007","Descri\u00e7\u00e3o":"ATRIBUI NOME AO LOGRADOURO P\u00daBLICO A RUA FORTALEZA.","Categoria":"-"},{"N\u00famero":6220807,"Exerc\u00edcio":2007,"Data":"07\/08\/2007","Descri\u00e7\u00e3o":"ATRIBUI NOME AO LOGRADOURO P\u00daBLICO A RUA JOAQUIM GUILHERMINO MARIA DA COSTA CISNE.","Categoria":"-"},{"N\u00famero":6210807,"Exerc\u00edcio":2007,"Data":"07\/08\/2007","Descri\u00e7\u00e3o":"ATRIBUI NOME AO LOGRADOURO P\u00daBLICO A RUA PEDRO JOS\u00c9 DE MARIA.","Categoria":"-"},{"N\u00famero":6200807,"Exerc\u00edcio":2007,"Data":"07\/08\/2007","Descri\u00e7\u00e3o":"ATRIBUI NOME AO LOGRADOURO P\u00daBLICO A RUA DIOGO PINHEIRO CAMAR\u00c3O.","Categoria":"-"},{"N\u00famero":6190807,"Exerc\u00edcio":2007,"Data":"07\/08\/2007","Descri\u00e7\u00e3o":"ATRIBUI NOME AO LOGRADOURO P\u00daBLICO A RUA JOS\u00c9 OSCAR COSTA.","Categoria":"-"},{"N\u00famero":6180807,"Exerc\u00edcio":2007,"Data":"07\/08\/2007","Descri\u00e7\u00e3o":"ATRIBUI NOME AO LOGRADOURO P\u00daBLICO A RUA JOS\u00c9 RONALDO BORGES.","Categoria":"-"},{"N\u00famero":6170807,"Exerc\u00edcio":2007,"Data":"07\/08\/2007","Descri\u00e7\u00e3o":"ATRIBUI NOME AO LOGRADOURO P\u00daBLICO A RUA ANT\u00d4NIO DOS SANTOS DA SILVEIRA.","Categoria":"-"},{"N\u00famero":6160807,"Exerc\u00edcio":2007,"Data":"07\/08\/2007","Descri\u00e7\u00e3o":"ATRIBUI NOME AO LOGRADOURO P\u00daBLICO A RUA MARTINS SOARES MORENO.","Categoria":"-"},{"N\u00famero":6150807,"Exerc\u00edcio":2007,"Data":"07\/08\/2007","Descri\u00e7\u00e3o":"ATRIBUI NOME AO LOGRADOURO P\u00daBLICO A RUA DINOR\u00c1 TOMAS RAMOS.","Categoria":"-"},{"N\u00famero":6140807,"Exerc\u00edcio":2007,"Data":"07\/08\/2007","Descri\u00e7\u00e3o":"ATRIBUI NOME AO LOGRADOURO P\u00daBLICO A RUA ANT\u00d4NIO GABRIEL DE PAULA.","Categoria":"-"},{"N\u00famero":6130807,"Exerc\u00edcio":2007,"Data":"07\/08\/2007","Descri\u00e7\u00e3o":"ATRIBUI NOME AO LOGRADOURO P\u00daBLICO A RUA JO\u00c3O BATISTA ALVES (JO\u00c3O GALVINO).","Categoria":"-"},{"N\u00famero":6120807,"Exerc\u00edcio":2007,"Data":"07\/08\/2007","Descri\u00e7\u00e3o":"ATRIBUI NOME AO LOGRADOURO P\u00daBLICO A RUA GIBRALTAR PONTE.","Categoria":"-"},{"N\u00famero":6110807,"Exerc\u00edcio":2007,"Data":"07\/08\/2007","Descri\u00e7\u00e3o":"ATRIBUI NOME AO LOGRADOURO P\u00daBLICO A RUA DR. ANT\u00d4NIO DE ASSIS ARA\u00daJO VASCONCELOS.","Categoria":"-"},{"N\u00famero":6100807,"Exerc\u00edcio":2007,"Data":"07\/08\/2007","Descri\u00e7\u00e3o":"ATRIBUI NOME AO LOGRADOURO P\u00daBLICO A TRAVESSA SETE DE SETEMBRO.","Categoria":"-"},{"N\u00famero":6090807,"Exerc\u00edcio":2007,"Data":"07\/08\/2007","Descri\u00e7\u00e3o":"ATRIBUI NOME AO LOGRADOURO P\u00daBLICO A TRAVESSA NOSSA SENHORA DA ROSA M\u00cdSTICA.","Categoria":"-"},{"N\u00famero":6080807,"Exerc\u00edcio":2007,"Data":"07\/08\/2007","Descri\u00e7\u00e3o":"ATRIBUI NOME AO LOGRADOURO P\u00daBLICO A TRAVESSA NOSSA SENHORA DA ROSA M\u00cdSTICA.","Categoria":"-"},{"N\u00famero":6070807,"Exerc\u00edcio":2007,"Data":"07\/08\/2007","Descri\u00e7\u00e3o":"ATRIBUI NOME AO LOGRADOURO P\u00daBLICO A TRAVESSA MANOEL TEIXEIRA DE ARA\u00daJO.","Categoria":"-"},{"N\u00famero":6060807,"Exerc\u00edcio":2007,"Data":"07\/08\/2007","Descri\u00e7\u00e3o":"ATRIBUI NOME AO LOGRADOURO P\u00daBLICO A RUA S\u00c3O FRANCISCO.","Categoria":"-"},{"N\u00famero":6050807,"Exerc\u00edcio":2007,"Data":"07\/08\/2007","Descri\u00e7\u00e3o":"ATRIBUI NOME AO LOGRADOURO P\u00daBLICO A ABATEDOURO FRANCISCO DAS CHAGAS PONTE (CHICO PATR\u00cdCIO).","Categoria":"-"},{"N\u00famero":6040807,"Exerc\u00edcio":2007,"Data":"07\/08\/2007","Descri\u00e7\u00e3o":"ATRIBUI NOME AO LOGRADOURO P\u00daBLICO A RUA MIGUEL GALVINO VASCONCELOS.","Categoria":"-"},{"N\u00famero":6030807,"Exerc\u00edcio":2007,"Data":"07\/08\/2007","Descri\u00e7\u00e3o":"ATRIBUI NOME AO LOGRADOURO P\u00daBLICO A TRAVESSA RAIMUNDO NONATO NETO (NETO GALDINO).","Categoria":"-"},{"N\u00famero":6020807,"Exerc\u00edcio":2007,"Data":"07\/08\/2007","Descri\u00e7\u00e3o":"AUTORIZA O PAGAMENTO DE ABONO SALARIAL DOS PROFISSIONAIS DO MAGIST\u00c9RIO DA EDUCA\u00c7\u00c3O.","Categoria":"-"},{"N\u00famero":6010707,"Exerc\u00edcio":2007,"Data":"10\/07\/2007","Descri\u00e7\u00e3o":"INSTITUI O PROGRAMA DE APOIO AO ADOLESCENTE APRENDIZ.","Categoria":"-"},{"N\u00famero":6000707,"Exerc\u00edcio":2007,"Data":"10\/07\/2007","Descri\u00e7\u00e3o":"ATRIBUI NOME AO LOGRADOURO P\u00daBLICO A RUA 26 DE JANEIRO.","Categoria":"-"},{"N\u00famero":5990707,"Exerc\u00edcio":2007,"Data":"10\/07\/2007","Descri\u00e7\u00e3o":"ATRIBUI NOME AO LOGRADOURO P\u00daBLICO A RUA MARIA HELENA THOMAZ.","Categoria":"-"},{"N\u00famero":5980707,"Exerc\u00edcio":2007,"Data":"10\/07\/2007","Descri\u00e7\u00e3o":"ATRIBUI NOME AO LOGRADOURO P\u00daBLICO A RUA PREFEITO JOS\u00c9 ALDENIR FARIAS.","Categoria":"-"},{"N\u00famero":5970707,"Exerc\u00edcio":2007,"Data":"10\/07\/2007","Descri\u00e7\u00e3o":"ATRIBUI NOME AO LOGRADOURO P\u00daBLICO A RUA FRANCISCO SABINO PESSOA COSTA.","Categoria":"-"},{"N\u00famero":5960707,"Exerc\u00edcio":2007,"Data":"10\/07\/2007","Descri\u00e7\u00e3o":"ATRIBUI NOME AO LOGRADOURO P\u00daBLICO A RUA FRANCISCO DAS CHAGAS DO NASCIMENTO (SR. TATI).","Categoria":"-"},{"N\u00famero":5950707,"Exerc\u00edcio":2007,"Data":"10\/07\/2007","Descri\u00e7\u00e3o":"ATRIBUI NOME AO LOGRADOURO P\u00daBLICO A RUA ANT\u00d4NIO VALERIANO DE SOUZA.","Categoria":"-"},{"N\u00famero":5940707,"Exerc\u00edcio":2007,"Data":"10\/07\/2007","Descri\u00e7\u00e3o":"ATRIBUI NOME AO LOGRADOURO P\u00daBLICO A RUA RAIMUNDO NONATO CAVALCANTE.","Categoria":"-"},{"N\u00famero":5930707,"Exerc\u00edcio":2007,"Data":"10\/07\/2007","Descri\u00e7\u00e3o":"ATRIBUI NOME AO LOGRADOURO P\u00daBLICO A RUA VEREADORA MARIA DE JESUS CORDEIRO VERAS.","Categoria":"-"},{"N\u00famero":5920707,"Exerc\u00edcio":2007,"Data":"10\/07\/2007","Descri\u00e7\u00e3o":"ATRIBUI NOME AO LOGRADOURO P\u00daBLICO A RUA FRANCISCO FERREIRA DA PONTE.","Categoria":"-"},{"N\u00famero":5910707,"Exerc\u00edcio":2007,"Data":"10\/07\/2007","Descri\u00e7\u00e3o":"ATRIBUI NOME AO LOGRADOURO P\u00daBLICO A RUA FRANCISCO CAETANO SILVA.","Categoria":"-"},{"N\u00famero":5900707,"Exerc\u00edcio":2007,"Data":"10\/07\/2007","Descri\u00e7\u00e3o":"ATRIBUI NOME AO LOGRADOURO P\u00daBLICO A RUA FRANCISCO EDICELIO DE SOUZA.","Categoria":"-"},{"N\u00famero":5890707,"Exerc\u00edcio":2007,"Data":"10\/07\/2007","Descri\u00e7\u00e3o":"ATRIBUI NOME AO LOGRADOURO P\u00daBLICO A RUA MARIA DE LOURDES DA SILVA.","Categoria":"-"},{"N\u00famero":5880707,"Exerc\u00edcio":2007,"Data":"10\/07\/2007","Descri\u00e7\u00e3o":"ATRIBUI NOME AO LOGRADOURO P\u00daBLICO A RUA JOS\u00c9 OT\u00cdLIO SABINO.","Categoria":"-"},{"N\u00famero":5870707,"Exerc\u00edcio":2007,"Data":"10\/07\/2007","Descri\u00e7\u00e3o":"ATRIBUI NOME AO LOGRADOURO P\u00daBLICO A RUA JO\u00c3O BELCHIOR DE HOLANDA.","Categoria":"-"},{"N\u00famero":5860707,"Exerc\u00edcio":2007,"Data":"10\/07\/2007","Descri\u00e7\u00e3o":"ATRIBUI NOME AO LOGRADOURO P\u00daBLICO RUA MANOEL GERARDO DO NASCIMENTO.","Categoria":"-"},{"N\u00famero":5850707,"Exerc\u00edcio":2007,"Data":"10\/07\/2007","Descri\u00e7\u00e3o":"ATRIBUI NOME AO LOGRADOURO P\u00daBLICO RUA PE. FRANCISCO JOS\u00c9 ARAG\u00c3O E SILVA.","Categoria":"-"},{"N\u00famero":5840707,"Exerc\u00edcio":2007,"Data":"10\/07\/2007","Descri\u00e7\u00e3o":"ATRIBUI NOME AO LOGRADOURO P\u00daBLICO TRAVESSA SILVINO AM\u00c2NCIO NETO.","Categoria":"-"},{"N\u00famero":5830707,"Exerc\u00edcio":2007,"Data":"10\/07\/2007","Descri\u00e7\u00e3o":"ATRIBUI NOME AO LOGRADOURO P\u00daBLICO TRAVESSA FRANCISCO DE ASSIS MONTE.","Categoria":"-"},{"N\u00famero":5820707,"Exerc\u00edcio":2007,"Data":"10\/07\/2007","Descri\u00e7\u00e3o":"ATRIBUI NOME AO LOGRADOURO P\u00daBLICO TRAVESSA FRANCISCO MARCELO CUST\u00d3DIO.","Categoria":"-"},{"N\u00famero":5810707,"Exerc\u00edcio":2007,"Data":"10\/07\/2007","Descri\u00e7\u00e3o":"DISP\u00d5E SOBRE A NOTIFICA\u00c7\u00c3O DOS CASOS DE VIOL\u00caNCIA CONTRA O IDOSO NO MUNIC\u00cdPIO.","Categoria":"-"},{"N\u00famero":5800707,"Exerc\u00edcio":2007,"Data":"10\/07\/2007","Descri\u00e7\u00e3o":"DISP\u00d5E SOBRE A INSTALA\u00c7\u00c3O DE BANHEIROS P\u00daBLICOS EM BANCOS E EMPRESAS QUE TRABALHAM COMO SUBSTITUTOS BANC\u00c1RIOS NO MUNIC\u00cdPIO.","Categoria":"-"},{"N\u00famero":5790607,"Exerc\u00edcio":2007,"Data":"21\/06\/2007","Descri\u00e7\u00e3o":"SEMANA DA ORIENTA\u00c7\u00c3O E PREVEN\u00c7\u00c3O DA GRAVIDEZ NA ADOLESC\u00caNCIA E JUVENTUDE.","Categoria":"-"},{"N\u00famero":5780607,"Exerc\u00edcio":2007,"Data":"21\/06\/2007","Descri\u00e7\u00e3o":"DISP\u00d5E SOBRE A CRIA\u00c7\u00c3O DO CONSELHO MUNICIPAL DA JUVENTUDE DE SANTANA.","Categoria":"-"},{"N\u00famero":5770607,"Exerc\u00edcio":2007,"Data":"21\/06\/2007","Descri\u00e7\u00e3o":"ATRIBUI NOME AO LOGRADOURO P\u00daBLICO RUA JOS\u00c9 CAUBI MACHADO.","Categoria":"-"},{"N\u00famero":5760607,"Exerc\u00edcio":2007,"Data":"21\/06\/2007","Descri\u00e7\u00e3o":"ATRIBUI NOME AO LOGRADOURO P\u00daBLICO RUA PROFESSORA MARIA DO SOCORRO MACHADO \u2013 ARRUDA.","Categoria":"-"},{"N\u00famero":5750607,"Exerc\u00edcio":2007,"Data":"21\/06\/2007","Descri\u00e7\u00e3o":"ATRIBUI NOME AO LOGRADOURO P\u00daBLICO TRAVESSA FRANCISCO PATR\u00cdCIO CELESTINO \u2013 CHICO PORETA.","Categoria":"-"},{"N\u00famero":5740707,"Exerc\u00edcio":2007,"Data":"19\/07\/2007","Descri\u00e7\u00e3o":"DISP\u00d5E SOBRE A PROTE\u00c7\u00c3O CONTRA A POLUI\u00c7\u00c3O SONORA NOS LOCAIS DO MUNIC\u00cdPIO.","Categoria":"-"},{"N\u00famero":5730607,"Exerc\u00edcio":2007,"Data":"18\/06\/2007","Descri\u00e7\u00e3o":"ATRIBUI NOME AO LOGRADOURO P\u00daBLICO TRAVESSA JO\u00c3O MATIAS DA SILVA.","Categoria":"-"},{"N\u00famero":5720607,"Exerc\u00edcio":2007,"Data":"18\/06\/2007","Descri\u00e7\u00e3o":"ATRIBUI NOME AO LOGRADOURO P\u00daBLICO RUA FRANCISCO DAS CHAGAS COSTA \u2013 SR. CHAGAS.","Categoria":"-"},{"N\u00famero":5710607,"Exerc\u00edcio":2007,"Data":"18\/06\/2007","Descri\u00e7\u00e3o":"ATRIBUI NOME AO LOGRADOURO P\u00daBLICO RUA ANT\u00d4NIO FLOR\u00caNCIO DE OLIVEIRA.","Categoria":"-"},{"N\u00famero":5700607,"Exerc\u00edcio":2007,"Data":"18\/06\/2007","Descri\u00e7\u00e3o":"ATRIBUI NOME AO LOGRADOURO P\u00daBLICO RUA JOS\u00c9 ANANIAS VASCONCELOS.","Categoria":"-"},{"N\u00famero":5690607,"Exerc\u00edcio":2007,"Data":"19\/06\/2007","Descri\u00e7\u00e3o":"DISP\u00d5E SOBRE A LEI OR\u00c7AMENT\u00c1RIA DO ANO DE 2008.","Categoria":"-"},{"N\u00famero":5680607,"Exerc\u00edcio":2007,"Data":"18\/06\/2007","Descri\u00e7\u00e3o":"ATRIBUI NOME AO LOGRADOURO P\u00daBLICO RUA MARIA LUCINEIDE DE OLIVEIRA.","Categoria":"-"},{"N\u00famero":5670607,"Exerc\u00edcio":2007,"Data":"18\/06\/2007","Descri\u00e7\u00e3o":"ATRIBUI NOME AO LOGRADOURO P\u00daBLICO GIN\u00c1SIO C\u00cdCERO SARAIVA.","Categoria":"-"},{"N\u00famero":5660607,"Exerc\u00edcio":2007,"Data":"04\/06\/2007","Descri\u00e7\u00e3o":"ATRIBUI NOME AO LOGRADOURO P\u00daBLICO VILA ANT\u00d4NIO CAVALCANTE.","Categoria":"-"},{"N\u00famero":5650607,"Exerc\u00edcio":2007,"Data":"04\/06\/2007","Descri\u00e7\u00e3o":"ATRIBUI NOME AO LOGRADOURO P\u00daBLICO TRAVESSA JO\u00c3O PAULO II.","Categoria":"-"},{"N\u00famero":5640607,"Exerc\u00edcio":2007,"Data":"04\/06\/2007","Descri\u00e7\u00e3o":"ATRIBUI NOME AO LOGRADOURO P\u00daBLICO TRAVESSA FREI CRIST\u00d3V\u00c3O DE LISBOA.","Categoria":"-"},{"N\u00famero":5630607,"Exerc\u00edcio":2007,"Data":"04\/06\/2007","Descri\u00e7\u00e3o":"ATRIBUI NOME AO LOGRADOURO P\u00daBLICO TRAVESSA 13 DE MAIO.","Categoria":"-"},{"N\u00famero":5620607,"Exerc\u00edcio":2007,"Data":"04\/06\/2007","Descri\u00e7\u00e3o":"ATRIBUI NOME AO LOGRADOURO P\u00daBLICO RUA JOS\u00c9 MARIA DE SOUSA \u2013 Z\u00c9 MARIA MARTINS.","Categoria":"-"},{"N\u00famero":5610607,"Exerc\u00edcio":2007,"Data":"04\/06\/2007","Descri\u00e7\u00e3o":"OFICIALIZA A BANDEIRA DO MUNIC\u00cdPIO.","Categoria":"-"},{"N\u00famero":5600607,"Exerc\u00edcio":2007,"Data":"04\/06\/2007","Descri\u00e7\u00e3o":"ATRIBUI NOME AO LOGRADOURO P\u00daBLICO RUA GERARDO ADEODATO CARNEIRO.","Categoria":"-"},{"N\u00famero":5590507,"Exerc\u00edcio":2007,"Data":"31\/05\/2007","Descri\u00e7\u00e3o":"AUTORIZA A ALIENA\u00c7\u00c3O DOS BENS DO PODER EXECUTIVO.","Categoria":"-"},{"N\u00famero":5580407,"Exerc\u00edcio":2007,"Data":"16\/04\/2007","Descri\u00e7\u00e3o":"DENOMINA EDIF\u00cdCIO PROFESSORA MARIA OLINDA GALDINO.","Categoria":"-"},{"N\u00famero":5570407,"Exerc\u00edcio":2007,"Data":"16\/04\/2007","Descri\u00e7\u00e3o":"CRIA O DISTRITO DE SANTA RITA.","Categoria":"-"},{"N\u00famero":5560407,"Exerc\u00edcio":2007,"Data":"05\/04\/2007","Descri\u00e7\u00e3o":"ATRIBUI NOME AO LOGRADOURO P\u00daBLICO RUA RAIMUNDO ADEMAR MAGALH\u00c3ES.","Categoria":"-"},{"N\u00famero":5550307,"Exerc\u00edcio":2007,"Data":"23\/03\/2007","Descri\u00e7\u00e3o":"DISP\u00d5E SOBRE A CRIA\u00c7\u00c3O DO FUNDEB.","Categoria":"-"},{"N\u00famero":5540207,"Exerc\u00edcio":2007,"Data":"12\/02\/2007","Descri\u00e7\u00e3o":"AUTORIZA A ABERTURA DE CR\u00c9DITO ADICIONAL ESPECIAL AO VIGENTE OR\u00c7AMENTO.","Categoria":"-"},{"N\u00famero":5530207,"Exerc\u00edcio":2007,"Data":"03\/02\/2007","Descri\u00e7\u00e3o":"INSTITUI A GRATIFICA\u00c7\u00c3O EXTRAORDIN\u00c1RIA PARA OS AGENTES COMUNIT\u00c1RIOS DE SA\u00daDE.","Categoria":"-"},{"N\u00famero":5520107,"Exerc\u00edcio":2007,"Data":"22\/01\/2007","Descri\u00e7\u00e3o":"ATRIBUI NOME AO LOGRADOURO P\u00daBLICO TRAVESSA MARIA IZABEL PONTE.","Categoria":"-"},{"N\u00famero":630,"Exerc\u00edcio":2007,"Data":"22\/09\/2007","Descri\u00e7\u00e3o":"DISP\u00d5E SOBRE A CRIA\u00c7\u00c3O DA SECRET\u00c1RIA DE CULTURA, TURISMO, DESPORTO E JUVENTUDE.","Categoria":"-"},{"N\u00famero":5501106,"Exerc\u00edcio":2006,"Data":"20\/11\/2006","Descri\u00e7\u00e3o":"ALTERA A ESTRUTURA ORGANIZACIONAL DA SECRETARIA DE ADMINISTRA\u00c7\u00c3O E FINAN\u00c7AS.","Categoria":"-"},{"N\u00famero":5501106,"Exerc\u00edcio":2006,"Data":"20\/11\/2006","Descri\u00e7\u00e3o":"ALTERA A ESTRUTURA ORGANIZACIONAL DA SECRETARIA DE ADMINISTRA\u00c7\u00c3O E FINAN\u00c7AS.","Categoria":"-"},{"N\u00famero":5481106,"Exerc\u00edcio":2006,"Data":"13\/11\/2006","Descri\u00e7\u00e3o":"ESTIMA A RECEITA E FIXA A DESPESA DO MUNIC\u00cdPIO PARA O EXERC\u00cdCIO DE 2007.","Categoria":"-"},{"N\u00famero":5471106,"Exerc\u00edcio":2006,"Data":"06\/11\/2006","Descri\u00e7\u00e3o":"DISP\u00d5E SOBRE A INSTITUI\u00c7\u00c3O DO PROGRAMA MUNICIPAL DE FINANCIAMENTO \u00c0 CULTURA.","Categoria":"-"},{"N\u00famero":5461106,"Exerc\u00edcio":2006,"Data":"06\/11\/2006","Descri\u00e7\u00e3o":"DISP\u00d5E SOBRE A INSTITUI\u00c7\u00c3O DO PROGRAMA MUNICIPAL DE FINANCIAMENTO AO ESPORTE.","Categoria":"-"},{"N\u00famero":5451106,"Exerc\u00edcio":2006,"Data":"18\/11\/2006","Descri\u00e7\u00e3o":"AUTORIZA A CONCESS\u00c3O, COM EXCLUSIVIDADE, \u00c0 COMPANHIA DE \u00c1GUA E ESGOTO DO CEAR\u00c1 \u2013 CAGECE.","Categoria":"-"},{"N\u00famero":5440806,"Exerc\u00edcio":2006,"Data":"07\/08\/2006","Descri\u00e7\u00e3o":"ATRIBUI NOME AO LOGRADOURO P\u00daBLICO BAIRRO PADRE IBIAPINA.","Categoria":"-"},{"N\u00famero":5430606,"Exerc\u00edcio":2006,"Data":"19\/06\/2006","Descri\u00e7\u00e3o":"DISP\u00d5E SOBRE A LEI OR\u00c7AMENT\u00c1RIA DE 2007.","Categoria":"-"},{"N\u00famero":5420606,"Exerc\u00edcio":2006,"Data":"13\/06\/2006","Descri\u00e7\u00e3o":"CONSIDERA DE UTILIDADE P\u00daBLICA A ASSOCIA\u00c7\u00c3O DE M\u00daSICOS E DESPORTISTAS AMADORES DE SANTANA.","Categoria":"-"},{"N\u00famero":5410506,"Exerc\u00edcio":2006,"Data":"15\/05\/2006","Descri\u00e7\u00e3o":"ALTERA A SUBVEN\u00c7\u00c3O CONCEDIDA \u00c0 ASSOCIA\u00c7\u00c3O DOS AGENTES DE SA\u00daDE.","Categoria":"-"},{"N\u00famero":5400306,"Exerc\u00edcio":2006,"Data":"13\/03\/2006","Descri\u00e7\u00e3o":"AUTORIZA A ABERTURA DE CR\u00c9DITO ADICIONAL ESPECIAL AO VIGENTE OR\u00c7AMENTO DO ANO DE 2006.","Categoria":"-"},{"N\u00famero":5390206,"Exerc\u00edcio":2006,"Data":"24\/02\/2006","Descri\u00e7\u00e3o":"ATRIBUI NOME AO PR\u00c9DIO UNIDADE DE SA\u00daDE FRANCISCO BENEDITO DE VASCONCELOS.","Categoria":"-"},{"N\u00famero":5380206,"Exerc\u00edcio":2006,"Data":"24\/02\/2006","Descri\u00e7\u00e3o":"ATRIBUI NOME AO PR\u00c9DIO CASA DE CULTURA ESCRIV\u00c3O ANT\u00d4NIO RIOS.","Categoria":"-"},{"N\u00famero":5370206,"Exerc\u00edcio":2006,"Data":"24\/02\/2006","Descri\u00e7\u00e3o":"AMPLIA AS VAGAS NO QUADRO DE PESSOAL DO PODER EXECUTIVO MUNICIPAL (SA\u00daDE).","Categoria":"-"},{"N\u00famero":5360206,"Exerc\u00edcio":2006,"Data":"06\/02\/2006","Descri\u00e7\u00e3o":"DEFINE O ABONO SALARIAL AOS PROFISSIONAIS DO MAGIST\u00c9RIO.","Categoria":"-"},{"N\u00famero":5340206,"Exerc\u00edcio":2006,"Data":"06\/02\/2006","Descri\u00e7\u00e3o":"AUTORIZA A ABERTURA DE CR\u00c9DITO ADICIONAL ESPECIAL AO VIGENTE OR\u00c7AMENTO (EDUCA\u00c7\u00c3O ESPECIAL) \u2013 2006.","Categoria":"-"},{"N\u00famero":5330206,"Exerc\u00edcio":2006,"Data":"06\/02\/2006","Descri\u00e7\u00e3o":"DISP\u00d5E SOBRE CONTRATA\u00c7\u00c3O POR TEMPO INDETERMINADO PARA ATENDER \u00c0S NECESSIDADES TEMPOR\u00c1RIAS.","Categoria":"-"},{"N\u00famero":5310106,"Exerc\u00edcio":2006,"Data":"09\/01\/2006","Descri\u00e7\u00e3o":"DISP\u00d5E SOBRE O INCENTIVO \u00c0 DOA\u00c7\u00c3O DE SANGUE NO MUNIC\u00cdPIO DE SANTANA.","Categoria":"-"},{"N\u00famero":5300106,"Exerc\u00edcio":2006,"Data":"09\/01\/2006","Descri\u00e7\u00e3o":"CONSIDERA DE UTILIDADE P\u00daBLICA A ENTIDADE COMPANHIA BONECO DE PANO.","Categoria":"-"},{"N\u00famero":5290106,"Exerc\u00edcio":2006,"Data":"09\/01\/2006","Descri\u00e7\u00e3o":"ESTIMA A RECEITA E FIXA A DESPESA PARA O MUNIC\u00cdPIO NO EXERC\u00cdCIO DE 2006.","Categoria":"-"},{"N\u00famero":550,"Exerc\u00edcio":2006,"Data":"20\/11\/2006","Descri\u00e7\u00e3o":"ALTERA A ESTRUTURA ORGANIZACIONAL DA SECRETARIA DE ADMINISTRA\u00c7\u00c3O E FINAN\u00c7AS E D\u00c1 OUTRAS PROVID\u00caNCIAS","Categoria":"-"},{"N\u00famero":548,"Exerc\u00edcio":2006,"Data":"13\/11\/2006","Descri\u00e7\u00e3o":"ESTIMA A RECEITA E FIXA A DESPESA DO MUNIC\u00cdPIO PARA O EXERC\u00cdCIO DE 2007, E D\u00c1 OUTRAS PROVID\u00caNCIAS","Categoria":"-"},{"N\u00famero":547,"Exerc\u00edcio":2006,"Data":"06\/11\/2006","Descri\u00e7\u00e3o":"DISP\u00d5E SOBRE A INSTITUI\u00c7\u00c3O DO PROGRAMA MUNICIPAL DE FINANCIAMENTO A CULTURA E D\u00c1 OUTRAS PROVID\u00caNCIAS","Categoria":"-"},{"N\u00famero":546,"Exerc\u00edcio":2006,"Data":"06\/11\/2006","Descri\u00e7\u00e3o":"DISP\u00d5E SOBRE A INSTITUI\u00c7\u00c3O DO PROGRAMA MUNICIPAL DE FINANCIAMENTO AO ESPORTE AMADOR E D\u00c1 OUTRAS PROVID\u00caNCIAS","Categoria":"-"},{"N\u00famero":545,"Exerc\u00edcio":2006,"Data":"18\/11\/2006","Descri\u00e7\u00e3o":"AUTORIZA A CONCESS\u00c3O, COM EXCLUSIVIDADE, \u00c0 COMPANHIA DE \u00c1GUA E ESGOTO DO CEAR\u00c1 - CAGECE","Categoria":"-"},{"N\u00famero":544,"Exerc\u00edcio":2006,"Data":"07\/08\/2006","Descri\u00e7\u00e3o":"ATRIBUI NOME AO LOGRADOURO P\u00daBLICO QUE INDICA E D\u00c1 OUTRAS PROVID\u00caNCIAS","Categoria":"-"},{"N\u00famero":543,"Exerc\u00edcio":2006,"Data":"19\/06\/2006","Descri\u00e7\u00e3o":"DISP\u00d5E SOBRE AS DIRETRIZES OR\u00c7AMENT\u00c1RIAS PARA ELABORA\u00c7\u00c3O DA LEI OR\u00c7AMENT\u00c1RIA PARA O EXERC\u00cdCIO FINANCEIRO DE 2007 E D\u00c1 OUTRAS PROVID\u00caNCIAS","Categoria":"-"},{"N\u00famero":542,"Exerc\u00edcio":2006,"Data":"13\/06\/2006","Descri\u00e7\u00e3o":"CONSIDERA DE UTILIDADE DE P\u00daBLICA A ENTIDADE QUE INDICA E D\u00c1 OUTRAS PROVID\u00caNCIAS","Categoria":"-"},{"N\u00famero":541,"Exerc\u00edcio":2006,"Data":"15\/05\/2006","Descri\u00e7\u00e3o":"ALTERA A SUBVEN\u00c7\u00c3O CONCEDIDA \u00c0 ASSOCIA\u00c7\u00c3O DOS AGENTES DE SA\u00daDE DE SANTANA DO ACARA\u00da E D\u00c1 OUTRAS PROVID\u00caNCIAS","Categoria":"-"},{"N\u00famero":540,"Exerc\u00edcio":2006,"Data":"13\/03\/2006","Descri\u00e7\u00e3o":"AUTORIZA A ABERTURA DE CR\u00c9DITO ADICIONAL ESPECIAL AO VIGENTE OR\u00c7AMENTO E D\u00c1 OUTRAS PROVID\u00caNCIAS","Categoria":"-"},{"N\u00famero":539,"Exerc\u00edcio":2006,"Data":"24\/02\/2006","Descri\u00e7\u00e3o":"ATRIBUI NOME AO PR\u00c9DIO QUE INDICA E D\u00c1 OUTRAS PROVID\u00caNCIAS","Categoria":"-"},{"N\u00famero":538,"Exerc\u00edcio":2006,"Data":"24\/02\/2006","Descri\u00e7\u00e3o":"ATRIBUI NOME AO PR\u00c9DIO QUE INDICA E D\u00c1 OUTRAS PROVID\u00caNCIAS","Categoria":"-"},{"N\u00famero":537,"Exerc\u00edcio":2006,"Data":"24\/02\/2006","Descri\u00e7\u00e3o":"AMPLIA AS VAGAS NO QUADRO DE PESSOAL DO PODER EXECUTIVO MUNICIPAL, QUE INDICA E D\u00c1 OUTRAS PROVID\u00caNCIAS","Categoria":"-"},{"N\u00famero":536,"Exerc\u00edcio":2006,"Data":"06\/02\/2006","Descri\u00e7\u00e3o":"DEFINE O ABONO SALARIAL QUE INDICA E D\u00c1 OUTRAS PROVID\u00caNCIAS","Categoria":"-"},{"N\u00famero":534,"Exerc\u00edcio":2006,"Data":"06\/02\/2006","Descri\u00e7\u00e3o":"AUTORIZA A ABERTURA DE CR\u00c9DITO ADICIONAL ESPECIAL AO VIGENTE OR\u00c7AMENTO E D\u00c1 OUTRAS PROVID\u00caNCIAS","Categoria":"-"},{"N\u00famero":533,"Exerc\u00edcio":2006,"Data":"06\/02\/2006","Descri\u00e7\u00e3o":"DISP\u00d5E SOBRE A CONTRATACAO POR TEMPO DETERMINADO PARA ATENDER A NECESSIDADE TEMPOR\u00c1RIA DE EXCEPCIONAL INTERESSE P\u00daBLICO","Categoria":"-"},{"N\u00famero":531,"Exerc\u00edcio":2006,"Data":"09\/01\/2006","Descri\u00e7\u00e3o":"DISPOE SOBRE O INCENTIVO A DOA\u00c7\u00c3O DE SANGUE NO MUNIC\u00cdPIO","Categoria":"-"},{"N\u00famero":530,"Exerc\u00edcio":2006,"Data":"09\/01\/2006","Descri\u00e7\u00e3o":"530_2006_CONSIDERA DE UTILIDADE DE P\u00daBLICA A ENTIDADE QUE INDICA E DA OUTRAS PROVIDENCIAS","Categoria":"-"},{"N\u00famero":530,"Exerc\u00edcio":2006,"Data":"09\/01\/2006","Descri\u00e7\u00e3o":"530_2006_CONSIDERA DE UTILIDADE DE P\u00daBLICA A ENTIDADE QUE INDICA E DA OUTRAS PROVIDENCIAS","Categoria":"-"},{"N\u00famero":529,"Exerc\u00edcio":2006,"Data":"09\/01\/2006","Descri\u00e7\u00e3o":"ATRIBUI NOME A BARRAGEM QUE INDICA E DA OUTRAS PROVIDENCIAS","Categoria":"-"},{"N\u00famero":5281205,"Exerc\u00edcio":2005,"Data":"05\/12\/2005","Descri\u00e7\u00e3o":"ESTIMA A RECEITA E FIXA A DESPESA PARA O MUNIC\u00cdPIO NO EXERC\u00cdCIO DE 2006.","Categoria":"-"},{"N\u00famero":5271205,"Exerc\u00edcio":2005,"Data":"02\/12\/2005","Descri\u00e7\u00e3o":"TAXA DE ILUMINA\u00c7\u00c3O P\u00daBLICA.","Categoria":"-"},{"N\u00famero":5251105,"Exerc\u00edcio":2005,"Data":"11\/11\/2005","Descri\u00e7\u00e3o":"ALTERA A LEI 250 DE 30-06-1989, QUE AUTORIZA A CELEBRA\u00c7\u00c3O DE CONV\u00caNIOS.","Categoria":"-"},{"N\u00famero":5241105,"Exerc\u00edcio":2005,"Data":"11\/11\/2005","Descri\u00e7\u00e3o":"DISP\u00d5E SOBRE A NOVA NOMENCLATURA DAS ESCOLAS MUNICIPAIS DO ENSINO FUNDAMENTAL DE SANTANA.","Categoria":"-"},{"N\u00famero":5231105,"Exerc\u00edcio":2005,"Data":"11\/11\/2005","Descri\u00e7\u00e3o":"DISP\u00d5E SOBRE A POL\u00cdTICA DA PESSOA PORTADORA DE DEFICI\u00caNCIA.","Categoria":"-"},{"N\u00famero":5221105,"Exerc\u00edcio":2005,"Data":"11\/11\/2005","Descri\u00e7\u00e3o":"CRIA O CONSELHO MUNICIPAL DE SEGURAN\u00c7A ALIMENTAR E NUTRICIONAL (COMSEA).","Categoria":"-"},{"N\u00famero":5201005,"Exerc\u00edcio":2005,"Data":"27\/10\/2005","Descri\u00e7\u00e3o":"ALTERA AS LEIS MUNICIPAIS 485 DE 21\/06\/2004 E 491 DE 07\/12\/2004.","Categoria":"-"},{"N\u00famero":5191005,"Exerc\u00edcio":2005,"Data":"27\/10\/2005","Descri\u00e7\u00e3o":"ALTERA O VALOR DO VENCIMENTO B\u00c1SICO DOS OCUPANTES DOS CARGOS DO MAGIST\u00c9RIO, ANO 2005.","Categoria":"-"},{"N\u00famero":5181005,"Exerc\u00edcio":2005,"Data":"04\/10\/2005","Descri\u00e7\u00e3o":"DISP\u00d5E SOBRE O PLANO PLURIANUAL DO MUNIC\u00cdPIO DE SANTANA DO ACARA\u00da.","Categoria":"-"},{"N\u00famero":5171005,"Exerc\u00edcio":2005,"Data":"07\/10\/2005","Descri\u00e7\u00e3o":"DISP\u00d5E SOBRE O CONSELHO MUNICIPAL ANTIDROGAS.","Categoria":"-"},{"N\u00famero":5160905,"Exerc\u00edcio":2005,"Data":"22\/09\/2005","Descri\u00e7\u00e3o":"ATRIBUI NOME AO PR\u00c9DIO P\u00daBLICO GRUPO ESCOLAR MARIA JOS\u00c9 DA PONTE (D. DORA).","Categoria":"-"},{"N\u00famero":5150905,"Exerc\u00edcio":2005,"Data":"13\/09\/2005","Descri\u00e7\u00e3o":"ATRIBUI NOME AO PR\u00c9DIO P\u00daBLICO UNIDADE DE EDUCA\u00c7\u00c3O ESPECIAL IRM\u00c3OS HENRIQUE JORGE E VICENTE DE PAULO.","Categoria":"-"},{"N\u00famero":5140905,"Exerc\u00edcio":2005,"Data":"13\/09\/2005","Descri\u00e7\u00e3o":"INSTITUI A GRATIFICA\u00c7\u00c3O DE PRODUTIVIDADE EXTRAORDIN\u00c1RIA DE COMBATE A ENDEMIAS.","Categoria":"-"},{"N\u00famero":5130905,"Exerc\u00edcio":2005,"Data":"13\/09\/2005","Descri\u00e7\u00e3o":"INSTITUI A AJUDA DE CUSTOS AOS AGENTES COMUNIT\u00c1RIOS DE SA\u00daDE.","Categoria":"-"},{"N\u00famero":5120905,"Exerc\u00edcio":2005,"Data":"12\/09\/2005","Descri\u00e7\u00e3o":"AUTORIZA O MUNIC\u00cdPIO DE SANTANA DO ACARA\u00da A ATUAR COMO INTERVENIENTE DE EMPR\u00c9STIMOS.","Categoria":"-"},{"N\u00famero":5110805,"Exerc\u00edcio":2005,"Data":"26\/08\/2005","Descri\u00e7\u00e3o":"ALTERA A LEI MUNICIPAL N\u00b0 372 DE 18 DE MAR\u00c7O DE 1998.","Categoria":"-"},{"N\u00famero":5100805,"Exerc\u00edcio":2005,"Data":"10\/08\/2005","Descri\u00e7\u00e3o":"INCORPORA\u00c7\u00c3O POR TEMPO INTEGRAL.","Categoria":"-"},{"N\u00famero":5090705,"Exerc\u00edcio":2005,"Data":"13\/07\/2005","Descri\u00e7\u00e3o":"DISP\u00d5E SOBRE A LEI OR\u00c7AMENT\u00c1RIA PARA O EXERC\u00cdCIO FINANCEIRO DE 2006.","Categoria":"-"},{"N\u00famero":5080705,"Exerc\u00edcio":2005,"Data":"13\/07\/2005","Descri\u00e7\u00e3o":"DISP\u00d5E SOBRE O REGULAMENTO DOS SERVI\u00c7OS DE \u201cMOTOT\u00c1XI\u201d DO MUNIC\u00cdPIO.","Categoria":"-"},{"N\u00famero":5070605,"Exerc\u00edcio":2005,"Data":"27\/06\/2005","Descri\u00e7\u00e3o":"DISP\u00d5E SOBRE O PLANO MUNICIPAL DE EDUCA\u00c7\u00c3O.","Categoria":"-"},{"N\u00famero":5060605,"Exerc\u00edcio":2005,"Data":"20\/06\/2005","Descri\u00e7\u00e3o":"CONCEDE AOS ESTUDANTES O ABATIMENTO DE 50% EM ESTABELECIMENTOS DE LAZER, CULTURA E TRANSPORTES.","Categoria":"-"},{"N\u00famero":5050605,"Exerc\u00edcio":2005,"Data":"20\/06\/2005","Descri\u00e7\u00e3o":"INSTITUI A GRATIFICA\u00c7\u00c3O DE PRODUTIVIDADE EXTRAORDIN\u00c1RIA ODONTOL\u00d3GICA.","Categoria":"-"},{"N\u00famero":5040605,"Exerc\u00edcio":2005,"Data":"20\/06\/2005","Descri\u00e7\u00e3o":"PLANT\u00d5ES M\u00c9DICOS.","Categoria":"-"},{"N\u00famero":5030605,"Exerc\u00edcio":2005,"Data":"20\/06\/2005","Descri\u00e7\u00e3o":"DEFINE OS D\u00c9BITOS DA FAZENDA MUNICIPAL DE PEQUENO VALOR, N\u00c3O SUJEITOS A PRECAT\u00d3RIO.","Categoria":"-"},{"N\u00famero":5020605,"Exerc\u00edcio":2005,"Data":"20\/06\/2005","Descri\u00e7\u00e3o":"ALTERA A SUBVEN\u00c7\u00c3O CONCEDIDA \u00c0 ASSOCIA\u00c7\u00c3O DOS AGENTES DE SA\u00daDE.","Categoria":"-"},{"N\u00famero":5010605,"Exerc\u00edcio":2005,"Data":"20\/06\/2005","Descri\u00e7\u00e3o":"AUTORIZA O PODER EXECUTIVO A FIRMAR ACORDO DE PARCELAMENTO DE D\u00cdVIDA PARA COM A CAGECE \u2013 COMPANHIA DE \u00c1GUA E ESGOTO.","Categoria":"-"},{"N\u00famero":5000605,"Exerc\u00edcio":2005,"Data":"13\/06\/2005","Descri\u00e7\u00e3o":"INSTITUI NA REDE MUNICIPAL DE ENSINO O ENSINO FUNDAMENTAL DE 9 (NOVE) ANOS.","Categoria":"-"},{"N\u00famero":4990505,"Exerc\u00edcio":2005,"Data":"19\/05\/2005","Descri\u00e7\u00e3o":"INSTITUI O \u00d3RG\u00c3O OFICIAL, O FLANEL\u00d3GRAFO, DISPOSTO NO \u00c1TRIO DO PA\u00c7O MUNICIPAL.","Categoria":"-"},{"N\u00famero":4980305,"Exerc\u00edcio":2005,"Data":"14\/03\/2005","Descri\u00e7\u00e3o":"CONSIDERA DE UTILIDADE P\u00daBLICA A ASSOCIA\u00c7\u00c3O COMUNIT\u00c1RIA MANOEL FREDERICO DA PONTE DE S\u00c3O MAUR\u00cdCIO.","Categoria":"-"},{"N\u00famero":4970305,"Exerc\u00edcio":2005,"Data":"14\/03\/2005","Descri\u00e7\u00e3o":"ALTERA A LEI MUNICIPAL N\u00b0 431 DE 28 DE ABRIL DE 2001.","Categoria":"-"},{"N\u00famero":4960305,"Exerc\u00edcio":2005,"Data":"01\/03\/2005","Descri\u00e7\u00e3o":"ALTERA O NOME ATRIBU\u00cdDO AO EDIF\u00cdCIO-SEDE DO HOSPITAL GERAL DO MUNIC\u00cdPIO.","Categoria":"-"},{"N\u00famero":4950105,"Exerc\u00edcio":2005,"Data":"29\/01\/2005","Descri\u00e7\u00e3o":"SECRET\u00c1RIO ADJUNTO.","Categoria":"-"},{"N\u00famero":4940105,"Exerc\u00edcio":2005,"Data":"29\/01\/2005","Descri\u00e7\u00e3o":"ALTERA O VALOR DO VENCIMENTO B\u00c1SICO DOS CARGOS DE ENFERMEIRO E CIRURGI\u00c3O.","Categoria":"-"},{"N\u00famero":4930105,"Exerc\u00edcio":2005,"Data":"29\/01\/2005","Descri\u00e7\u00e3o":"ALTERA O VALOR DA REMUNERA\u00c7\u00c3O DOS PLANT\u00d5ES DE ENFERMAGEM.","Categoria":"-"},{"N\u00famero":4920105,"Exerc\u00edcio":2005,"Data":"18\/01\/2005","Descri\u00e7\u00e3o":"INSTITUI A DATA COMEMORATIVA DO DIA MUNICIPAL DA JUVENTUDE.","Categoria":"-"},{"N\u00famero":528,"Exerc\u00edcio":2005,"Data":"05\/12\/2005","Descri\u00e7\u00e3o":"ESTIMA A RECEITA E FIXA A DESPESA PARA O MUNIC\u00cdPIO NO EXERC\u00cdCIO DE 2006","Categoria":"-"},{"N\u00famero":527,"Exerc\u00edcio":2005,"Data":"02\/12\/2005","Descri\u00e7\u00e3o":"ALTERA DISPOSITIVOS DA LEI MUNICIPAL N\u00b0 322(C\u00d3DIGO TRIBUT\u00c1RIO DO MUNIC\u00cdPIO).TAXA DE ILUMINA\u00c7\u00c3O P\u00daBLICA.","Categoria":"-"},{"N\u00famero":526,"Exerc\u00edcio":2005,"Data":"11\/11\/2005","Descri\u00e7\u00e3o":"CONSIDERA DE UTILIDADE P\u00daBLICA A ENTIDADE ASSOCIA\u00c7\u00c3O COMUNIT\u00c1RIA DOS MORADORES DE MUCAMBO \u2013 MUTAMBEIRAS.","Categoria":"-"},{"N\u00famero":525,"Exerc\u00edcio":2005,"Data":"11\/11\/2005","Descri\u00e7\u00e3o":"ALTERA A LEI 250 DE 30-06-1989 QUE AUTORIZA A CELEBRA\u00c7\u00c3O DE CONV\u00caNIOS.","Categoria":"-"},{"N\u00famero":524,"Exerc\u00edcio":2005,"Data":"11\/11\/2005","Descri\u00e7\u00e3o":"DISP\u00d5E SOBRE AS NOVAS NOMENCLATURA DAS ESCOLAS MUNICIPAIS DO ENSINO FUNDAMENTAL DE SANTANA.","Categoria":"-"},{"N\u00famero":522,"Exerc\u00edcio":2005,"Data":"11\/11\/2005","Descri\u00e7\u00e3o":"CRIA O CONSELHO MUNICIPAL DE SEGURAN\u00c7A ALIMENTAR E NUTRICIONAL(COMSEA).","Categoria":"-"},{"N\u00famero":520,"Exerc\u00edcio":2005,"Data":"27\/10\/2005","Descri\u00e7\u00e3o":"ALTERAR AS LEIS MUNICIPAIS 485 DE 21062004 E 491 DE 07122004.","Categoria":"-"},{"N\u00famero":519,"Exerc\u00edcio":2005,"Data":"27\/10\/2005","Descri\u00e7\u00e3o":"ALTERA O VALOR DO VENCIMENTO B\u00c1SICO DOS OCUPANTES DOS CARGOS DE MAGIST\u00c9RIO, ANO 2005.","Categoria":"-"},{"N\u00famero":518,"Exerc\u00edcio":2005,"Data":"04\/10\/2005","Descri\u00e7\u00e3o":"DISP\u00d5E SOBRE O PLANO PLURIANUAL DO MUNIC\u00cdPIO DE SANTANA DO ACARA\u00da.","Categoria":"-"},{"N\u00famero":517,"Exerc\u00edcio":2005,"Data":"07\/10\/2005","Descri\u00e7\u00e3o":"DISP\u00d5E SOBRE O CONSELHO MUNICIPAL ANTI-DROGAS","Categoria":"-"},{"N\u00famero":516,"Exerc\u00edcio":2005,"Data":"22\/09\/2005","Descri\u00e7\u00e3o":"ATRIBUI NOME AO PR\u00c9DIO P\u00daBLICO GRUPO ESCOLAR MARIA JOS\u00c9 DA PONTE (D. DORA).","Categoria":"-"},{"N\u00famero":515,"Exerc\u00edcio":2005,"Data":"13\/09\/2005","Descri\u00e7\u00e3o":"ATRIBUI NOME AO PR\u00c9DIO P\u00daBLICO UNIDADE DE EDUCA\u00c7\u00c3O ESPECIAL IRM\u00c3OS HENRIQUE JORGE E VICENTE DE PAULO.","Categoria":"-"},{"N\u00famero":514,"Exerc\u00edcio":2005,"Data":"13\/09\/2005","Descri\u00e7\u00e3o":"INSTITUI A GRATIFICA\u00c7\u00c3O DE PRODUTIVIDADE EXTRAORDIN\u00c1RIA DE COMBATE A ENDEMIAS","Categoria":"-"},{"N\u00famero":513,"Exerc\u00edcio":2005,"Data":"13\/09\/2005","Descri\u00e7\u00e3o":"INSTITUI A AJUDA DE CUSTOS AOS AGENTES COMUNIT\u00c1RIOS DE SA\u00daDE","Categoria":"-"},{"N\u00famero":512,"Exerc\u00edcio":2005,"Data":"13\/09\/2005","Descri\u00e7\u00e3o":"AUTORIZA O MUNIC\u00cdPIO DE SANTANA DO ACARAA\u00da A ATUAR COMO INTERVENIENTE DE EMPR\u00c9STIMOS","Categoria":"-"},{"N\u00famero":511,"Exerc\u00edcio":2005,"Data":"26\/08\/2005","Descri\u00e7\u00e3o":"ALTERA A LEI MUNICIPAL N\u00b0 372 DE 18 DE MAR\u00c7O DE 1998.","Categoria":"-"},{"N\u00famero":510,"Exerc\u00edcio":2005,"Data":"10\/08\/2005","Descri\u00e7\u00e3o":"INCORPORA\u00c7\u00c3O POR TEMPO INTEGRAL.","Categoria":"-"},{"N\u00famero":509,"Exerc\u00edcio":2005,"Data":"13\/07\/2005","Descri\u00e7\u00e3o":"DISP\u00d5E SOBRE A LEI OR\u00c7AMENT\u00c1RIA PARA O EXERC\u00cdCIO FINANCEIRO DE 2006.","Categoria":"-"},{"N\u00famero":508,"Exerc\u00edcio":2005,"Data":"13\/07\/2005","Descri\u00e7\u00e3o":"DISP\u00d5E SOBRE O REGULAMENTO DOS SERVI\u00c7OS DE \u201cMOTOTAXI\u201d DO MUNIC\u00cdPIO","Categoria":"-"},{"N\u00famero":507,"Exerc\u00edcio":2005,"Data":"27\/06\/2005","Descri\u00e7\u00e3o":"DISP\u00d5E SOBRE O PLANO MUNICIPAL DE EDUCA\u00c7\u00c3O.","Categoria":"-"},{"N\u00famero":506,"Exerc\u00edcio":2005,"Data":"20\/06\/2005","Descri\u00e7\u00e3o":"CONCEDE AO ESTUDANTES O ABATIMENTO DE 50% EM ESTABELECIMENTO DE LAZER, CULTURA E TRANSPORTES.","Categoria":"-"},{"N\u00famero":505,"Exerc\u00edcio":2005,"Data":"20\/06\/2005","Descri\u00e7\u00e3o":"INSTITUI A GRATIFICA\u00c7\u00c3O DE PRODUTIVIDADE EXTRAODIN\u00c1RIA ODONTOL\u00d3GICA","Categoria":"-"},{"N\u00famero":504,"Exerc\u00edcio":2005,"Data":"20\/06\/2005","Descri\u00e7\u00e3o":"ALTERA O VALOR DA REMUNERA\u00c7\u00c3O DOS PLANT\u00d5ES PRESENCIAIS DE M\u00c9DICOS E D\u00c1 OUTRAS PROVID\u00caNCIAS.","Categoria":"-"},{"N\u00famero":503,"Exerc\u00edcio":2005,"Data":"20\/06\/2005","Descri\u00e7\u00e3o":"DEFINE OS D\u00c9BITOS DA FAZENDA MUNICIPAL DE PEQUENO VALOR, N\u00c3O SUJEITOS A PRECAT\u00d3RIO","Categoria":"-"},{"N\u00famero":502,"Exerc\u00edcio":2005,"Data":"20\/06\/2005","Descri\u00e7\u00e3o":"ALTERA A SUBVEN\u00c7\u00c3O CONCEDIDA \u00c0 ASSOCIA\u00c7\u00c3O DOS AGENTES DE SA\u00daDE.","Categoria":"-"},{"N\u00famero":501,"Exerc\u00edcio":2005,"Data":"20\/06\/2005","Descri\u00e7\u00e3o":"INSTITU\u00cd NA REDE MUNICIPAL DE ENSINO O ENSINO FUNDAMENTAL DE 9 (NOVE) ANOS.","Categoria":"-"},{"N\u00famero":500,"Exerc\u00edcio":2005,"Data":"13\/06\/2005","Descri\u00e7\u00e3o":"INSTITU\u00cd NA REDE MUNICIPAL DE ENSINO O ENSINO FUNDAMENTAL DE 9 (NOVE) ANOS.","Categoria":"-"},{"N\u00famero":499,"Exerc\u00edcio":2005,"Data":"18\/05\/2005","Descri\u00e7\u00e3o":"INSTITU\u00cd O \u00d3RG\u00c3O OFICIAL O FLANEL\u00d3GRAFO DISPOSTO NO \u00c1TRIO DO PA\u00c7O MUNICIPAL","Categoria":"-"},{"N\u00famero":498,"Exerc\u00edcio":2005,"Data":"14\/03\/2005","Descri\u00e7\u00e3o":"CONSIDERA DE UTILIDADE A ASSOCIA\u00c7\u00c3O COMUNIT\u00c1RIA MANOEL FREDERICO DA PONTE DE S\u00c3O MAUR\u00cdCIO.","Categoria":"-"},{"N\u00famero":497,"Exerc\u00edcio":2005,"Data":"14\/03\/2005","Descri\u00e7\u00e3o":"ALTERA A LEI MUNICIPAL N\u00b0 431 DE 28 DE ABRIL DE 2001.","Categoria":"-"},{"N\u00famero":496,"Exerc\u00edcio":2005,"Data":"01\/03\/2005","Descri\u00e7\u00e3o":"ALTERA O NOME ATRIBU\u00cdDO AO EDIF\u00cdCIO SEDE DO HOSPITAL GERAL DO MUNIC\u00cdPIO","Categoria":"-"},{"N\u00famero":495,"Exerc\u00edcio":2005,"Data":"20\/01\/2005","Descri\u00e7\u00e3o":"ALTERA A ESTRUTURA ORGANIZACIONAL DAS SECRETARIAS DE GOVERNO DO GOVERNO MUNICIPAL DE SANTANA DO ACARA\u00da E D\u00c1 OUTRA PROVID\u00caNCIAS.","Categoria":"-"},{"N\u00famero":494,"Exerc\u00edcio":2005,"Data":"20\/09\/2005","Descri\u00e7\u00e3o":"ALTERA O VALOR DO VENCIMENTO B\u00c1SICO DOS CARGOS(ENFERMEIRO E CIRURGI\u00c3O).","Categoria":"-"},{"N\u00famero":493,"Exerc\u00edcio":2005,"Data":"29\/01\/2005","Descri\u00e7\u00e3o":"ALTERA O VALOR DA REMUNERA\u00c7\u00c3O DOS PLANT\u00d5ES DE ENFERMAGEM.","Categoria":"-"},{"N\u00famero":492,"Exerc\u00edcio":2005,"Data":"18\/01\/2005","Descri\u00e7\u00e3o":"INSTITUI A DATA COMEMORATIVA O DIA MUNICIPAL DA JUVENTUDE.","Categoria":"-"},{"N\u00famero":423,"Exerc\u00edcio":2005,"Data":"11\/11\/2005","Descri\u00e7\u00e3o":"DISP\u00d5E SOBRE A POL\u00cdTICA DA PESSOA PORTADORA DE DEFICI\u00caNCIA.","Categoria":"-"},{"N\u00famero":4911204,"Exerc\u00edcio":2004,"Data":"07\/12\/2004","Descri\u00e7\u00e3o":"ESTIMA A RECEITA E FIXA A DESPESA DO MUNIC\u00cdPIO PARA O EXERC\u00cdCIO FINANCEIRO DE 2005.","Categoria":"-"},{"N\u00famero":4901204,"Exerc\u00edcio":2004,"Data":"07\/12\/2004","Descri\u00e7\u00e3o":"FIXA A REMUNERA\u00c7\u00c3O DO PREFEITO E VICE-PREFEITO DO MUNIC\u00cdPIO, A PARTIR DO DIA 1\u00b0 DE JANEIRO DE 2005.","Categoria":"-"},{"N\u00famero":4880804,"Exerc\u00edcio":2004,"Data":"25\/08\/2004","Descri\u00e7\u00e3o":"REGULA O FUNCIONAMENTO DO COM\u00c9RCIO AMBULANTE E ATIVIDADES AFINS.","Categoria":"-"},{"N\u00famero":4870804,"Exerc\u00edcio":2004,"Data":"23\/08\/2004","Descri\u00e7\u00e3o":"AUTORIZA A ABERTURA DE CR\u00c9DITO ADICIONAL ESPECIAL AO VIGENTE OR\u00c7AMENTO.","Categoria":"-"},{"N\u00famero":4860804,"Exerc\u00edcio":2004,"Data":"23\/04\/2004","Descri\u00e7\u00e3o":"AUTORIZA A ABERTURA DE CR\u00c9DITO ADICIONAL ESPECIAL AO VIGENTE OR\u00c7AMENTO.","Categoria":"-"},{"N\u00famero":4850604,"Exerc\u00edcio":2004,"Data":"21\/06\/2004","Descri\u00e7\u00e3o":"DISP\u00d5E SOBRE A LEI OR\u00c7AMENT\u00c1RIA PARA O EXERC\u00cdCIO FINANCEIRO DE 2005.","Categoria":"-"},{"N\u00famero":4840604,"Exerc\u00edcio":2004,"Data":"21\/06\/2004","Descri\u00e7\u00e3o":"AUTORIZA A ABERTURA DE CR\u00c9DITO ADICIONAL ESPECIAL.","Categoria":"-"},{"N\u00famero":4830604,"Exerc\u00edcio":2004,"Data":"21\/06\/2004","Descri\u00e7\u00e3o":"AUTORIZA A ABERTURA DE CR\u00c9DITO ADICIONAL AO VIGENTE OR\u00c7AMENTO.","Categoria":"-"},{"N\u00famero":4820604,"Exerc\u00edcio":2004,"Data":"07\/06\/2004","Descri\u00e7\u00e3o":"ATRIBUI O NOME AO PR\u00c9DIO P\u00daBLICO UNIDADE DE SA\u00daDE JOS\u00c9 FRANCISCO CANAF\u00cdSTULA, LOCALIZADO NO DISTRITO DE BAIXA FRIA.","Categoria":"-"},{"N\u00famero":4820604,"Exerc\u00edcio":2004,"Data":"07\/06\/2004","Descri\u00e7\u00e3o":"ATRIBUI O NOME AO PR\u00c9DIO P\u00daBLICO UNIDADE DE SA\u00daDE JOS\u00c9 FRANCISCO CANAF\u00cdSTULA, LOCALIZADO NO DISTRITO DE BAIXA FRIA.","Categoria":"-"},{"N\u00famero":4810604,"Exerc\u00edcio":2004,"Data":"07\/06\/2004","Descri\u00e7\u00e3o":"AUTORIZA O PODER EXECUTIVO A FIRMAR ACORDO DE PARCELAMENTO DE D\u00cdVIDA PARA COM A COELCE.","Categoria":"-"},{"N\u00famero":4800504,"Exerc\u00edcio":2004,"Data":"25\/05\/2004","Descri\u00e7\u00e3o":"PROMOVE ALTERA\u00c7\u00d5ES NO QUADRO DE PESSOAL DA PREFEITURA MUNICIPAL DE SANTANA DO ACARA\u00da.","Categoria":"-"},{"N\u00famero":4790504,"Exerc\u00edcio":2004,"Data":"18\/05\/2004","Descri\u00e7\u00e3o":"ATRIBUI AO LOGRADOURO O NOME DE PRA\u00c7A VEREADOR CHAGAS VASCONCELOS.","Categoria":"-"},{"N\u00famero":4780504,"Exerc\u00edcio":2004,"Data":"18\/05\/2004","Descri\u00e7\u00e3o":"MAJORA OS SUBS\u00cdDIOS DOS CARGOS DE SECRET\u00c1RIOS.","Categoria":"-"},{"N\u00famero":4770404,"Exerc\u00edcio":2004,"Data":"06\/04\/2004","Descri\u00e7\u00e3o":"AUTORIZA A ALIENA\u00c7\u00c3O DO BEM MARCA NISSAN, MODELO FRONTIER, PLACA.","Categoria":"-"},{"N\u00famero":4760404,"Exerc\u00edcio":2004,"Data":"06\/04\/2004","Descri\u00e7\u00e3o":"AUTORIZA A CESS\u00c3O EM COMODATO DAS \u00c1REAS ESPEC\u00cdFICAS DAS PRA\u00c7AS P\u00daBLICAS.","Categoria":"-"},{"N\u00famero":4750404,"Exerc\u00edcio":2004,"Data":"06\/04\/2004","Descri\u00e7\u00e3o":"AUTORIZA A ABERTURA DE CR\u00c9DITO ADICIONAL AO VIGENTE OR\u00c7AMENTO.","Categoria":"-"},{"N\u00famero":4730204,"Exerc\u00edcio":2004,"Data":"26\/02\/2004","Descri\u00e7\u00e3o":"ALTERA O ANEXO II DA LEI 440-2001 \u2013 ESTRUTURA E COMPOSI\u00c7\u00c3O DO QUADRO DO MAGIST\u00c9RIO.","Categoria":"-"},{"N\u00famero":4720204,"Exerc\u00edcio":2004,"Data":"26\/02\/2004","Descri\u00e7\u00e3o":"ALTERA O \u00a7 2\u00b0 DO ART. 215 DA LEI MUNICIPAL N\u00b0 414-2000.","Categoria":"-"},{"N\u00famero":4710204,"Exerc\u00edcio":2004,"Data":"26\/02\/2004","Descri\u00e7\u00e3o":"ALTERA O VALOR DA REMUNERA\u00c7\u00c3O DOS MEMBROS DO CONSELHO TUTELAR DE SANTANA DO ACARA\u00da.","Categoria":"-"},{"N\u00famero":4700204,"Exerc\u00edcio":2004,"Data":"26\/02\/2004","Descri\u00e7\u00e3o":"ALTERA A SUBVEN\u00c7\u00c3O CONCEDIDA \u00c0 ASSOCIA\u00c7\u00c3O DOS AGENTES DE SA\u00daDE DE SANTANA DO ACARA\u00da.","Categoria":"-"},{"N\u00famero":4690204,"Exerc\u00edcio":2004,"Data":"10\/02\/2004","Descri\u00e7\u00e3o":"AUTORIZA A ABERTURA DE CR\u00c9DITO AO VIGENTE OR\u00c7AMENTO.","Categoria":"-"},{"N\u00famero":4680104,"Exerc\u00edcio":2004,"Data":"05\/01\/2004","Descri\u00e7\u00e3o":"INSTITUI A GRATIFICA\u00c7\u00c3O EXTRAORDIN\u00c1RIA PARA OS AGENTES COMUNIT\u00c1RIOS DE SA\u00daDE.","Categoria":"-"},{"N\u00famero":491,"Exerc\u00edcio":2004,"Data":"07\/12\/2004","Descri\u00e7\u00e3o":"ESTIMA A RECEITA E FIXA A DESPESA DO MUNIC\u00cdPIO, PARA O EXERC\u00cdCIO FINANCEIRO DE 2005.","Categoria":"-"},{"N\u00famero":490,"Exerc\u00edcio":2004,"Data":"07\/12\/2004","Descri\u00e7\u00e3o":"FIXA A REMUNERA\u00c7\u00c3O DO PREFEITO E VICE-PREFEITO DO MUNIC\u00cdPIO( A PARTIR DO DIA 1\u00b0 DE JANEIRO DE 2005).","Categoria":"-"},{"N\u00famero":488,"Exerc\u00edcio":2004,"Data":"25\/08\/2004","Descri\u00e7\u00e3o":"REGULA O FUNCIONAMENTO DO COM\u00c9RCIO AMBULANTE E ATIVIDADES AFINS.","Categoria":"-"},{"N\u00famero":487,"Exerc\u00edcio":2004,"Data":"23\/08\/2004","Descri\u00e7\u00e3o":"AUTORIZA A ABERTURA DE CR\u00c9DITO ADICIONAL ESPECIAL AO VIGENTE OR\u00c7AMENTO","Categoria":"-"},{"N\u00famero":486,"Exerc\u00edcio":2004,"Data":"23\/08\/2004","Descri\u00e7\u00e3o":"AUTORIZA A ABERTURA DE CR\u00c9DITO ADICIONAL ESPECIAL AO VIGENTE OR\u00c7AMENTO","Categoria":"-"},{"N\u00famero":485,"Exerc\u00edcio":2004,"Data":"21\/06\/2004","Descri\u00e7\u00e3o":"DISP\u00d5E SOBRE A LEI OR\u00c7AMENT\u00c1RIA PARA O EXERC\u00cdCIO FINANCEIRO DE 2005.","Categoria":"-"},{"N\u00famero":484,"Exerc\u00edcio":2004,"Data":"21\/06\/2004","Descri\u00e7\u00e3o":"AUTORIZA A ABERTURA DE CR\u00c9DITO ADICIONAL ESPECIAL.","Categoria":"-"},{"N\u00famero":483,"Exerc\u00edcio":2004,"Data":"21\/06\/2004","Descri\u00e7\u00e3o":"AUTORIZA A ABERTURA DE CR\u00c9DITO ADICIONAL AO VIGENTE OR\u00c7AMENTO E D\u00c1 OUTRAS PROVID\u00caNCIAS.","Categoria":"-"},{"N\u00famero":482,"Exerc\u00edcio":2004,"Data":"07\/06\/2004","Descri\u00e7\u00e3o":"ATRIBUI O NOME AO PR\u00c9DIO P\u00daBLICO UNIDADE DE SA\u00daDE JOS\u00c9 FRANCISCO CANAFISTULA, LOCALIZADO NO DISTRITO DE BAIXA FRIA.","Categoria":"-"},{"N\u00famero":481,"Exerc\u00edcio":2004,"Data":"07\/06\/2004","Descri\u00e7\u00e3o":"AUTORIZAR O PODER EXECUTIVO A FIRMAR ACORDO DE PARCELAMENTO DE D\u00cdVIDA PARA COM A COELCE.","Categoria":"-"},{"N\u00famero":480,"Exerc\u00edcio":2004,"Data":"25\/05\/2004","Descri\u00e7\u00e3o":"PROMOVE ALTERA\u00c7\u00d5ES NO QUADRO DE PESSOAL DA PREFEITURA MUNICIPAL DE SANTANA DO ACARA\u00da.","Categoria":"-"},{"N\u00famero":479,"Exerc\u00edcio":2004,"Data":"18\/05\/2004","Descri\u00e7\u00e3o":"ATRIBUI AO LOGRADOURO PRA\u00c7A VEREADOR CHAGAS VASCONCELOS.","Categoria":"-"},{"N\u00famero":478,"Exerc\u00edcio":2004,"Data":"18\/05\/2004","Descri\u00e7\u00e3o":"MAJORA OS SUBS\u00cdDIOS DOS CARGOS DE SECRET\u00c1RIOS","Categoria":"-"},{"N\u00famero":477,"Exerc\u00edcio":2004,"Data":"06\/04\/2004","Descri\u00e7\u00e3o":"AUTORIZA A ALIENA\u00c7\u00c3O DO BEM MARCA NISSAN, MODELO FRONTIER, PLACA","Categoria":"-"},{"N\u00famero":476,"Exerc\u00edcio":2004,"Data":"06\/04\/2004","Descri\u00e7\u00e3o":"AUTORIZA A SESS\u00c3O EM COMODATO, DAS \u00c1REAS ESPEC\u00cdFICAS, DAS PRA\u00c7AS P\u00daBLICAS","Categoria":"-"},{"N\u00famero":475,"Exerc\u00edcio":2004,"Data":"06\/04\/2004","Descri\u00e7\u00e3o":"AUTORIZA A ABERTURA DE CR\u00c9DITO ADICIONAL AO VIGENTE OR\u00c7AMENTO.","Categoria":"-"},{"N\u00famero":473,"Exerc\u00edcio":2004,"Data":"26\/02\/2004","Descri\u00e7\u00e3o":"ALTERA O ANEXO II DA LEI 440-2001 ESTRUTURA COMPOSI\u00c7\u00c3O DO QUADRO DO MAGIST\u00c9RIO.","Categoria":"-"},{"N\u00famero":472,"Exerc\u00edcio":2004,"Data":"26\/02\/2004","Descri\u00e7\u00e3o":"ALTERA O \u00a7 2\u00b0 DO ART. 215 DA LEI MUNICIPAL N\u00b0 414-2000.","Categoria":"-"},{"N\u00famero":471,"Exerc\u00edcio":2004,"Data":"26\/02\/2004","Descri\u00e7\u00e3o":"ALTERA O VALOR DA REMUNERA\u00c7\u00c3O DO MEMBROS DO CONSELHO TUTELAR DE SANTANA DO ACARA\u00da","Categoria":"-"},{"N\u00famero":470,"Exerc\u00edcio":2004,"Data":"26\/02\/2004","Descri\u00e7\u00e3o":"ALTERA A SUBVEN\u00c7\u00c3O CONCEDIDA \u00c0 ASSOCIA\u00c7\u00c3O DOS AGENTES DE SA\u00daDE DE SANTANA DO ACARA\u00da","Categoria":"-"},{"N\u00famero":4671103,"Exerc\u00edcio":2003,"Data":"24\/11\/2003","Descri\u00e7\u00e3o":"ESTIMA A RECEITA E FIXA A DESPESA DO MUNIC\u00cdPIO PARA O EXERC\u00cdCIO DE 2004.","Categoria":"-"},{"N\u00famero":4661103,"Exerc\u00edcio":2003,"Data":"24\/11\/2003","Descri\u00e7\u00e3o":"ATRIBUI O NOME DE BAIRRO DR. CHAGAS VASCONCELOS AO BAIRRO MARAPAT\u00c1.","Categoria":"-"},{"N\u00famero":4651103,"Exerc\u00edcio":2003,"Data":"24\/11\/2003","Descri\u00e7\u00e3o":"ATRIBUI O NOME DE PRA\u00c7A PROFESSOR IZA\u00cdAS TOMAZ \u00c0 PRA\u00c7A LOCALIZADA AO LADO ESQUERDO DA IGREJA MATRIZ.","Categoria":"-"},{"N\u00famero":4641103,"Exerc\u00edcio":2003,"Data":"24\/11\/2003","Descri\u00e7\u00e3o":"AUTORIZA A CESS\u00c3O EM COMODATO DO ALCIONE CLUBE.","Categoria":"-"},{"N\u00famero":4631103,"Exerc\u00edcio":2003,"Data":"24\/11\/2003","Descri\u00e7\u00e3o":"FICA CONSIDERADO DE UTILIDADE P\u00daBLICA O PATRONATO SANT\u2019ANA.","Categoria":"-"},{"N\u00famero":4600603,"Exerc\u00edcio":2003,"Data":"12\/06\/2003","Descri\u00e7\u00e3o":"FICA CONSIDERADA DE UTILIDADE P\u00daBLICA A ASSOCIA\u00c7\u00c3O JOVENS E ESTUDANTES SANTANENSES.","Categoria":"-"},{"N\u00famero":4590603,"Exerc\u00edcio":2003,"Data":"12\/06\/2003","Descri\u00e7\u00e3o":"AUTORIZA A ABERTURA DE CR\u00c9DITO ADICIONAL ESPECIAL AO VIGENTE OR\u00c7AMENTO.","Categoria":"-"},{"N\u00famero":4580503,"Exerc\u00edcio":2003,"Data":"23\/05\/2003","Descri\u00e7\u00e3o":"FICA DENOMINADO PAULO AMARO O BAIRRO SITUADO ENTRE OS SEGUINTES LOGRADOUROS P\u00daBLICOS.","Categoria":"-"},{"N\u00famero":4570503,"Exerc\u00edcio":2003,"Data":"22\/05\/2003","Descri\u00e7\u00e3o":"AUTORIZA A ABERTURA DE CR\u00c9DITO ADICIONAL ESPECIAL AO VIGENTE OR\u00c7AMENTO.","Categoria":"-"},{"N\u00famero":4560503,"Exerc\u00edcio":2003,"Data":"12\/05\/2003","Descri\u00e7\u00e3o":"FIXA O SUBS\u00cdDIO DO PREFEITO, VICE-PREFEITO E AGENTES POL\u00cdTICOS MUNICIPAIS.","Categoria":"-"},{"N\u00famero":4550403,"Exerc\u00edcio":2003,"Data":"10\/04\/2003","Descri\u00e7\u00e3o":"FICA CONSIDERADO DE UTILIDADE P\u00daBLICA \u201cO INSTITUTO JOVEM CIDAD\u00c3O\u201d.","Categoria":"-"},{"N\u00famero":4540403,"Exerc\u00edcio":2003,"Data":"10\/04\/2003","Descri\u00e7\u00e3o":"FICA DENOMINADA DE TRAVESSA DONA COTINHA A TRAVESSA POPULARMENTE CONHECIDA COMO BECO DA CADEIA.","Categoria":"-"},{"N\u00famero":4530403,"Exerc\u00edcio":2003,"Data":"10\/04\/2003","Descri\u00e7\u00e3o":"ATRIBUI AO EDIF\u00cdCIO-SEDE DO HOSPITAL GERAL DE SANTANA DO ACARA\u00da O NOME HOSPITAL GERAL JOS\u00c9 AMAURI ARA\u00daJO.","Categoria":"-"},{"N\u00famero":4520403,"Exerc\u00edcio":2003,"Data":"10\/04\/2003","Descri\u00e7\u00e3o":"FICA DENOMINADA DE TRAVESSA DONA MARINETE ARCANJO A TRAVESSA CONHECIDA POPULARMENTE COMO RUA DA D\u00c9A.","Categoria":"-"},{"N\u00famero":4510403,"Exerc\u00edcio":2003,"Data":"09\/04\/2003","Descri\u00e7\u00e3o":"AUTORIZA A ABERTURA DE CR\u00c9DITO ADICIONAL ESPECIAL AO VIGENTE OR\u00c7AMENTO.","Categoria":"-"},{"N\u00famero":4500403,"Exerc\u00edcio":2003,"Data":"09\/04\/2003","Descri\u00e7\u00e3o":"AUTORIZA A ABERTURA DE CR\u00c9DITO ADICIONAL ESPECIAL AO VIGENTE OR\u00c7AMENTO.","Categoria":"-"},{"N\u00famero":4490303,"Exerc\u00edcio":2003,"Data":"26\/03\/2003","Descri\u00e7\u00e3o":"DELIMITA AS ZONAS URBANAS DAS VILAS DE BAHIA, BAIXA FRIA E BARRO PRETO NO MUNIC\u00cdPIO DE SANTANA DO ACARA\u00da.","Categoria":"-"},{"N\u00famero":4480303,"Exerc\u00edcio":2003,"Data":"13\/03\/2003","Descri\u00e7\u00e3o":"TRAVESSA URAGUAI DE VASCONCELOS.","Categoria":"-"},{"N\u00famero":4470103,"Exerc\u00edcio":2003,"Data":"07\/01\/2003","Descri\u00e7\u00e3o":"FICA DENOMINADA DE UNIDADE DE SA\u00daDE EG\u00cdDIO MARQUES CARNEIRO O POSTO DE SA\u00daDE LOCALIZADO NA LOCALIDADE DE SANTA RITA.","Categoria":"-"},{"N\u00famero":4450602,"Exerc\u00edcio":2002,"Data":"28\/06\/2002","Descri\u00e7\u00e3o":"PROJETO AGENDA 21 \u2013 PLANEJAMENTO SOCIOECON\u00d4MICO-AMBIENTAL PARTICIPATIVO.","Categoria":"-"},{"N\u00famero":4440602,"Exerc\u00edcio":2002,"Data":"28\/06\/2002","Descri\u00e7\u00e3o":"DISP\u00d5E SOBRE AS DIRETRIZES OR\u00c7AMENT\u00c1RIAS PARA O EXERC\u00cdCIO DE 2003.","Categoria":"-"},{"N\u00famero":4430602,"Exerc\u00edcio":2002,"Data":"24\/06\/2002","Descri\u00e7\u00e3o":"AUTORIZA A ABERTURA DE CR\u00c9DITO ADICIONAL ESPECIAL AO VIGENTE OR\u00c7AMENTO.","Categoria":"-"},{"N\u00famero":4420602,"Exerc\u00edcio":2002,"Data":"18\/06\/2002","Descri\u00e7\u00e3o":"CONCEDE SUBVEN\u00c7\u00c3O \u00c0 ASSOCIA\u00c7\u00c3O DOS AGENTES DE SA\u00daDE DE SANTANA DO ACARA\u00da.","Categoria":"-"},{"N\u00famero":4410502,"Exerc\u00edcio":2002,"Data":"07\/05\/2002","Descri\u00e7\u00e3o":"AUTORIZA A ABERTURA DE CR\u00c9DITO ADICIONAL ESPECIAL AO VIGENTE OR\u00c7AMENTO.","Categoria":"-"},{"N\u00famero":4401201,"Exerc\u00edcio":2001,"Data":"20\/12\/2001","Descri\u00e7\u00e3o":"INSTITUI O PLANO DE CARREIRA E REMUNERA\u00c7\u00c3O DOS INTEGRANTES DO MAGIST\u00c9RIO DA EDUCA\u00c7\u00c3O.","Categoria":"-"},{"N\u00famero":4391201,"Exerc\u00edcio":2001,"Data":"20\/12\/2001","Descri\u00e7\u00e3o":"DISP\u00d5E SOBRE O PLANO DE CARGOS E CARREIRAS DOS SERVIDORES T\u00c9CNICO-ADMINISTRATIVOS DA PREFEITURA DE SANTANA DO ACARA\u00da.","Categoria":"-"},{"N\u00famero":4381101,"Exerc\u00edcio":2001,"Data":"26\/11\/2001","Descri\u00e7\u00e3o":"ESTIMA A RECEITA E FIXA A DESPESA DO MUNIC\u00cdPIO PARA O EXERC\u00cdCIO DE 2002.","Categoria":"-"},{"N\u00famero":4361101,"Exerc\u00edcio":2001,"Data":"26\/11\/2001","Descri\u00e7\u00e3o":"DISP\u00d5E SOBRE A REDEFINI\u00c7\u00c3O DOS PROGRAMAS E NOVAS METAS DA LDO \u2013 EXERC\u00cdCIO DE 2002.","Categoria":"-"},{"N\u00famero":4351101,"Exerc\u00edcio":2001,"Data":"12\/11\/2001","Descri\u00e7\u00e3o":"DISP\u00d5E SOBRE A AUTORIZA\u00c7\u00c3O PARA A ABERTURA DE CR\u00c9DITO ADICIONAL AO VIGENTE OR\u00c7AMENTO.","Categoria":"-"},{"N\u00famero":4341101,"Exerc\u00edcio":2001,"Data":"12\/11\/2001","Descri\u00e7\u00e3o":"CONCEDE SUBVEN\u00c7\u00c3O \u00c0 FUNDA\u00c7\u00c3O JOS\u00c9 ALDENY DE FARIAS.","Categoria":"-"},{"N\u00famero":4320801,"Exerc\u00edcio":2001,"Data":"14\/08\/2001","Descri\u00e7\u00e3o":"REVOGA A LEI MUNICIPAL 429 DE 26 DE MAR\u00c7O DE 2001 \u201cQUE INSTITUI O PROGRAMA RENDA M\u00cdNIMA\u201d.","Categoria":"-"},{"N\u00famero":4310501,"Exerc\u00edcio":2001,"Data":"02\/05\/2001","Descri\u00e7\u00e3o":"DISP\u00d5E SOBRE CARGOS COMISSIONADOS E FUN\u00c7\u00d5ES GRATIFICADAS DESTINADOS \u00c0 ORGANIZA\u00c7\u00c3O ADMINISTRATIVA DA PREFEITURA.","Categoria":"-"},{"N\u00famero":4300401,"Exerc\u00edcio":2001,"Data":"28\/04\/2001","Descri\u00e7\u00e3o":"DISP\u00d5E SOBRE A FORMA DA ORGANIZA\u00c7\u00c3O ADMINISTRATIVA DA PREFEITURA DE SANTANA DO ACARA\u00da.","Categoria":"-"},{"N\u00famero":4290301,"Exerc\u00edcio":2001,"Data":"26\/03\/2001","Descri\u00e7\u00e3o":"CRIA PROGRAMA DE RENDA M\u00cdNIMA BOLSA ESCOLA.","Categoria":"-"},{"N\u00famero":4290301,"Exerc\u00edcio":2001,"Data":"26\/03\/2001","Descri\u00e7\u00e3o":"CRIA PROGRAMA DE RENDA M\u00cdNIMA BOLSA ESCOLA.","Categoria":"-"},{"N\u00famero":4280301,"Exerc\u00edcio":2001,"Data":"15\/03\/2001","Descri\u00e7\u00e3o":"FICA DENOMINADA RUA BEIRA RIO, A RUA COM IN\u00cdCIO NA RUA FORTALEZA, POR TR\u00c1S DA AVENIDA S\u00c3O JO\u00c3O E RUA PEDRO ARCANJO.","Categoria":"-"},{"N\u00famero":4270301,"Exerc\u00edcio":2001,"Data":"23\/03\/2001","Descri\u00e7\u00e3o":"III CONFER\u00caNCIA MUNICIPAL DE SA\u00daDE DE SANTANA DO ACARA\u00da.","Categoria":"-"},{"N\u00famero":4260101,"Exerc\u00edcio":2001,"Data":"30\/01\/2001","Descri\u00e7\u00e3o":"AUTORIZA A ABERTURA DE CR\u00c9DITO ESPECIAL AO VIGENTE OR\u00c7AMENTO.","Categoria":"-"},{"N\u00famero":4250101,"Exerc\u00edcio":2001,"Data":"30\/01\/2001","Descri\u00e7\u00e3o":"AUTORIZA A ABERTURA DE CR\u00c9DITO ESPECIAL AO VIGENTE OR\u00c7AMENTO.","Categoria":"-"},{"N\u00famero":4240201,"Exerc\u00edcio":2001,"Data":"05\/02\/2001","Descri\u00e7\u00e3o":"ALTERA, POR FOR\u00c7A DE ORIENTA\u00c7\u00c3O DO GOVERNO FEDERAL, O CONSELHO DE ALIMENTA\u00c7\u00c3O ESCOLAR.","Categoria":"-"},{"N\u00famero":4231200,"Exerc\u00edcio":2000,"Data":"31\/12\/2000","Descri\u00e7\u00e3o":"INSTITUI REQUISITOS NORMATIVOS PARA A IMPLANTA\u00c7\u00c3O DO PROJETO A\u00c7\u00d5ES B\u00c1SICAS DE SA\u00daDE NO CEAR\u00c1.","Categoria":"-"},{"N\u00famero":4221200,"Exerc\u00edcio":2000,"Data":"31\/12\/2000","Descri\u00e7\u00e3o":"DISCIPLINA A UTILIZA\u00c7\u00c3O DE EMBALAGENS PL\u00c1STICAS E CONG\u00caNERES NO MUNIC\u00cdPIO.","Categoria":"-"},{"N\u00famero":4211200,"Exerc\u00edcio":2000,"Data":"30\/12\/2000","Descri\u00e7\u00e3o":"CRIA SUB-PREFEITURAS NA ESTRUTURA ORGANIZACIONAL DA PREFEITURA MUNICIPAL.","Categoria":"-"},{"N\u00famero":4201100,"Exerc\u00edcio":2000,"Data":"30\/11\/2000","Descri\u00e7\u00e3o":"FICA APROVADO O OR\u00c7AMENTO DO MUNIC\u00cdPIO DO EXERC\u00cdCIO DE 2001.","Categoria":"-"},{"N\u00famero":4181000,"Exerc\u00edcio":2000,"Data":"20\/10\/2000","Descri\u00e7\u00e3o":"CRIA O CONSELHO DE ALIMENTA\u00c7\u00c3O ESCOLAR DE SANTANA DO ACARA\u00da.","Categoria":"-"},{"N\u00famero":4160800,"Exerc\u00edcio":2000,"Data":"29\/08\/2000","Descri\u00e7\u00e3o":"DECLARA DE UTILIDADE P\u00daBLICA O PATRONATO DE SANTANA DO ACARA\u00da.","Categoria":"-"},{"N\u00famero":4150800,"Exerc\u00edcio":2000,"Data":"29\/08\/2000","Descri\u00e7\u00e3o":"AUTORIZAR O PODER EXECUTIVO A PARCELAR D\u00c9BITO DA COMPANHIA DE \u00c1GUA E ESGOTO DO ESTADO DO CEAR\u00c1.","Categoria":"-"},{"N\u00famero":4140600,"Exerc\u00edcio":2000,"Data":"30\/06\/2000","Descri\u00e7\u00e3o":"ESTATUTO DOS SERVIDORES P\u00daBLICOS.","Categoria":"-"},{"N\u00famero":4130300,"Exerc\u00edcio":2000,"Data":"20\/03\/2000","Descri\u00e7\u00e3o":"INSTITUI O C\u00d3DIGO SANIT\u00c1RIO DE SANTANA DO ACARA\u00da.","Categoria":"-"},{"N\u00famero":4090900,"Exerc\u00edcio":2000,"Data":"05\/09\/2000","Descri\u00e7\u00e3o":"DECLARA DE UTILIDADE P\u00daBLICA O PATRONATO DE SANTANA DO ACARA\u00da.","Categoria":"-"},{"N\u00famero":408119916,"Exerc\u00edcio":1999,"Data":"16\/11\/1999","Descri\u00e7\u00e3o":"AVENIDA GERARDO ARCANJO.","Categoria":"-"},{"N\u00famero":4121299,"Exerc\u00edcio":1999,"Data":"15\/12\/1999","Descri\u00e7\u00e3o":"INSTITUI OBRIGATORIEDADE EM OBRAS P\u00daBLICAS DE VAGAS PARA TRABALHO DE PRESO.","Categoria":"-"},{"N\u00famero":4111299,"Exerc\u00edcio":1999,"Data":"15\/12\/1999","Descri\u00e7\u00e3o":"TRAVESSA JOS\u00c9 FILOMENO VASCONCELOS.","Categoria":"-"},{"N\u00famero":4101299,"Exerc\u00edcio":1999,"Data":"15\/12\/1999","Descri\u00e7\u00e3o":"FICA DENOMINADA AV. PREFEITO GERARDO ARA\u00daJO.","Categoria":"-"},{"N\u00famero":4061299,"Exerc\u00edcio":1999,"Data":"15\/12\/1999","Descri\u00e7\u00e3o":"ESTIMA A RECEITA E FIXA A DESPESA DO MUNIC\u00cdPIO PARA O EXERC\u00cdCIO DE 2000.","Categoria":"-"},{"N\u00famero":4051299,"Exerc\u00edcio":1999,"Data":"15\/12\/1999","Descri\u00e7\u00e3o":"DISP\u00d5E SOBRE ALIENA\u00c7\u00c3O DE A\u00c7\u00d5ES DA COELCE DE DOM\u00cdNIO DA PREFEITURA MUNICIPAL DE SANTANA DO ACARA\u00da.","Categoria":"-"},{"N\u00famero":4041199,"Exerc\u00edcio":1999,"Data":"16\/11\/1999","Descri\u00e7\u00e3o":"CONCEDE ABONO AOS PROFESSORES E DEMAIS PROFISSIONAIS DO MAGIST\u00c9RIO DO ENSINO FUNDAMENTAL DO MUNIC\u00cdPIO.","Categoria":"-"},{"N\u00famero":4031099,"Exerc\u00edcio":1999,"Data":"25\/10\/1999","Descri\u00e7\u00e3o":"DISP\u00d5E SOBRE A ABERTURA DE CR\u00c9DITO ADICIONAL AO VIGENTE OR\u00c7AMENTO.","Categoria":"-"},{"N\u00famero":4021099,"Exerc\u00edcio":1999,"Data":"25\/10\/1999","Descri\u00e7\u00e3o":"CRIA AS \u00c1REAS URBANAS DOS DISTRITOS DE MUTAMBEIRAS, PARAPUI, JO\u00c3O CORDEIRO E SAP\u00d3.","Categoria":"-"},{"N\u00famero":4011099,"Exerc\u00edcio":1999,"Data":"13\/10\/1999","Descri\u00e7\u00e3o":"DOA\u00c7\u00c3O DO BEM M\u00d3VEL \u00d4NIBUS MERCEDES BENZ PLACA HUJ 8537","Categoria":"-"},{"N\u00famero":4000899,"Exerc\u00edcio":1999,"Data":"30\/08\/1999","Descri\u00e7\u00e3o":"DISP\u00d5E SOBRE AS DIRETRIZES OR\u00c7AMENT\u00c1RIAS PARA O EXERC\u00cdCIO DE 2000.","Categoria":"-"},{"N\u00famero":3990999,"Exerc\u00edcio":1999,"Data":"13\/09\/1999","Descri\u00e7\u00e3o":"AUTORIZA A AQUISI\u00c7\u00c3O DE IM\u00d3VEL \u2013 TERRENO.","Categoria":"-"},{"N\u00famero":3980899,"Exerc\u00edcio":1999,"Data":"30\/08\/1999","Descri\u00e7\u00e3o":"DISP\u00d5E SOBRE A ABERTURA DE CR\u00c9DITO ESPECIAL AO VIGENTE OR\u00c7AMENTO.","Categoria":"-"},{"N\u00famero":3980899,"Exerc\u00edcio":1999,"Data":"30\/08\/1999","Descri\u00e7\u00e3o":"DISP\u00d5E SOBRE A ABERTURA DE CR\u00c9DITO ESPECIAL AO VIGENTE OR\u00c7AMENTO.","Categoria":"-"},{"N\u00famero":3970799,"Exerc\u00edcio":1999,"Data":"27\/07\/1999","Descri\u00e7\u00e3o":"DISP\u00d5E SOBRE A ALTERA\u00c7\u00c3O NA ESTRUTURA ORGANIZACIONAL DO PODER EXECUTIVO.","Categoria":"-"},{"N\u00famero":3960799,"Exerc\u00edcio":1999,"Data":"27\/07\/1999","Descri\u00e7\u00e3o":"CONCEDE T\u00cdTULO DE CIDAD\u00c3O DE SANTANA DO ACARA\u00da.","Categoria":"-"},{"N\u00famero":3950799,"Exerc\u00edcio":1999,"Data":"27\/07\/1999","Descri\u00e7\u00e3o":"DISP\u00d5E SOBRE A DOA\u00c7\u00c3O DO BEM IM\u00d3VEL \u2013 TERRENO.","Categoria":"-"},{"N\u00famero":3940599,"Exerc\u00edcio":1999,"Data":"24\/05\/1999","Descri\u00e7\u00e3o":"AUTORIZA O PODER EXECUTIVO A FIRMAR ACORDO DE PARCELAMENTO-REPARCELAMENTO DE D\u00c9BITO DO FGTS.","Categoria":"-"},{"N\u00famero":3930599,"Exerc\u00edcio":1999,"Data":"05\/05\/1999","Descri\u00e7\u00e3o":"READEQUA PARCIALMENTE A ESTRUTURA OR\u00c7AMENT\u00c1RIA DE 1999 DA PREFEITURA MUNICIPAL DE SANTANA DO ACARA\u00da.","Categoria":"-"},{"N\u00famero":3920599,"Exerc\u00edcio":1999,"Data":"05\/05\/1999","Descri\u00e7\u00e3o":"REESTRUTURA O CONSELHO MUNICIPAL DOS DIREITOS DA CRIAN\u00c7A E DO ADOLESCENTE.","Categoria":"-"},{"N\u00famero":3910299,"Exerc\u00edcio":1999,"Data":"10\/02\/1999","Descri\u00e7\u00e3o":"CRIA VAGAS SUPLEMENTARES \u00c0 LEI 363 DE 22-10-1997 COMBINADA \u00c0 LEI 372.","Categoria":"-"},{"N\u00famero":3900299,"Exerc\u00edcio":1999,"Data":"10\/02\/1999","Descri\u00e7\u00e3o":"DISP\u00d5E SOBRE ALIENA\u00c7\u00c3O DE BEM IM\u00d3VEL.","Categoria":"-"},{"N\u00famero":399,"Exerc\u00edcio":1999,"Data":"15\/09\/1999","Descri\u00e7\u00e3o":"339.2 AUTORIZA A AQUISI\u00c7\u00c3O DE IM\u00d3VEL \u2013 TERRENO.","Categoria":"-"},{"N\u00famero":3891298,"Exerc\u00edcio":1998,"Data":"31\/12\/1998","Descri\u00e7\u00e3o":"DISP\u00d5E SOBRE A LEI MUNICIPAL N\u00b0 372 DE 18\/03\/1998, NOTADAMENTE SEU INCISO V, ART. 13 E O \u00a7 1\u00b0 ART. 16.","Categoria":"-"},{"N\u00famero":3881198,"Exerc\u00edcio":1998,"Data":"30\/11\/1998","Descri\u00e7\u00e3o":"FICA DENOMINADO \u00cdNDIA MECEJANA O LOGRADOURO P\u00daBLICO QUE FICA LOCALIZADO AO LADO ESQUERDO DA IGREJA MATRIZ.","Categoria":"-"},{"N\u00famero":3871198,"Exerc\u00edcio":1998,"Data":"30\/11\/1998","Descri\u00e7\u00e3o":"TRAVESSA PROFESSORA MARIA DE F\u00c1TIMA.","Categoria":"-"},{"N\u00famero":3861198,"Exerc\u00edcio":1998,"Data":"30\/11\/1998","Descri\u00e7\u00e3o":"ESTIMA A RECEITA E FIXA A DESPESA DO MUNIC\u00cdPIO PARA O EXERC\u00cdCIO DE 1999.","Categoria":"-"},{"N\u00famero":3851098,"Exerc\u00edcio":1998,"Data":"20\/10\/1998","Descri\u00e7\u00e3o":"REESTRUTURA O CONSELHO MUNICIPAL DE ASSIST\u00caNCIA SOCIAL DE SANTANA DO ACARA\u00da.","Categoria":"-"},{"N\u00famero":3851098,"Exerc\u00edcio":1998,"Data":"20\/10\/1998","Descri\u00e7\u00e3o":"REESTRUTURA O CONSELHO MUNICIPAL DE ASSIST\u00caNCIA SOCIAL DE SANTANA DO ACARA\u00da.","Categoria":"-"},{"N\u00famero":3840998,"Exerc\u00edcio":1998,"Data":"02\/09\/1998","Descri\u00e7\u00e3o":"DISP\u00d5E SOBRE A CRIA\u00c7\u00c3O DO FUNDO DE AVAL MUNICIPAL, COM O OBJETIVO DO DESENVOLVIMENTO ECON\u00d4MICO E SOCIAL.","Categoria":"-"},{"N\u00famero":3830998,"Exerc\u00edcio":1998,"Data":"02\/09\/1998","Descri\u00e7\u00e3o":"INSTITUI O PLANO DE CARREIRA E REMUNERA\u00c7\u00c3O DO MAGIST\u00c9RIO DO MUNIC\u00cdPIO DE SANTANA DO ACARA\u00da.","Categoria":"-"},{"N\u00famero":3820898,"Exerc\u00edcio":1998,"Data":"20\/08\/1998","Descri\u00e7\u00e3o":"AUTORIZAR O ESTADO DO CEAR\u00c1 A RETER AS CONTAS RECEITAS TRIBUT\u00c1RIAS.","Categoria":"-"},{"N\u00famero":3810898,"Exerc\u00edcio":1998,"Data":"20\/08\/1998","Descri\u00e7\u00e3o":"DISP\u00d5E SOBRE A AUTORIZA\u00c7\u00c3O PARA DOA\u00c7\u00c3O DO TELEFONE COMUNIT\u00c1RIO RURAL PARA A ASSOCIA\u00c7\u00c3O DOS PEQUENOS AGRICULTORES.","Categoria":"-"},{"N\u00famero":3800898,"Exerc\u00edcio":1998,"Data":"20\/08\/1998","Descri\u00e7\u00e3o":"ESTABELECE DIRETRIZES DA DESCENTRALIZA\u00c7\u00c3O ADMINISTRATIVA DA PMSA.","Categoria":"-"},{"N\u00famero":3790898,"Exerc\u00edcio":1998,"Data":"20\/08\/1998","Descri\u00e7\u00e3o":"REDEFINE OS LIMITES DA ZONA URBANA DA CIDADE DE SANTANA DO ACARA\u00da.","Categoria":"-"},{"N\u00famero":3780898,"Exerc\u00edcio":1998,"Data":"20\/06\/1998","Descri\u00e7\u00e3o":"DELIMITA E DENOMINA OFICIALMENTE OS BAIRROS DA ZONA URBANA.","Categoria":"-"},{"N\u00famero":3770898,"Exerc\u00edcio":1998,"Data":"20\/08\/1998","Descri\u00e7\u00e3o":"DISP\u00d5E SOBRE AS DIRETRIZES OR\u00c7AMENT\u00c1RIAS PARA O EXERC\u00cdCIO DE 1999.","Categoria":"-"},{"N\u00famero":3760698,"Exerc\u00edcio":1998,"Data":"02\/06\/1998","Descri\u00e7\u00e3o":"ALTERA OS LIMITES DA \u00c1REA URBANA DE SANTANA DO ACARA\u00da.","Categoria":"-"},{"N\u00famero":3750698,"Exerc\u00edcio":1998,"Data":"02\/06\/1998","Descri\u00e7\u00e3o":"CONTRATA\u00c7\u00c3O POR TEMPO DETERMINADO PARA ATENDER \u00c0S NECESSIDADES DO PLANO DE ERRADICA\u00c7\u00c3O DO AEDES AEGYPTI.","Categoria":"-"},{"N\u00famero":3740498,"Exerc\u00edcio":1998,"Data":"30\/04\/1998","Descri\u00e7\u00e3o":"D\u00c1 FORMA AO QUADRO GERAL DE PESSOAL DA PREFEITURA \u2013 QGP, DISP\u00d5E SOBRE O SISTEMA GERAL DA PREFEITURA MUNICIPAL.","Categoria":"-"},{"N\u00famero":3720397,"Exerc\u00edcio":1997,"Data":"18\/03\/1997","Descri\u00e7\u00e3o":"ATUALIZA, FUNDAMENTALMENTE \u00c0 LUZ DA EC N\u00b0 14 \u00c0 CF88 (12\/09\/1996), QUE CRIA O FUNDEF, DA LEI FEDERAL N\u00b0 9.394.","Categoria":"-"},{"N\u00famero":3710398,"Exerc\u00edcio":1997,"Data":"12\/03\/1997","Descri\u00e7\u00e3o":"FICA DENOMINADA TRAVESSA RAIMUNDO MUNIZ O AGLOMERADO DE CASAS LOCALIZADO AO LADO NORTE DA RUA FORTALEZA.","Categoria":"-"},{"N\u00famero":3701197,"Exerc\u00edcio":1997,"Data":"25\/11\/1997","Descri\u00e7\u00e3o":"CRIA O CONSELHO MUNICIPAL DE EDUCA\u00c7\u00c3O.","Categoria":"-"},{"N\u00famero":3681197,"Exerc\u00edcio":1997,"Data":"20\/11\/1997","Descri\u00e7\u00e3o":"CRIA O CONSELHO MUNICIPAL DE EDUCA\u00c7\u00c3O.","Categoria":"-"},{"N\u00famero":3671197,"Exerc\u00edcio":1997,"Data":"20\/11\/1997","Descri\u00e7\u00e3o":"CRIA\u00c7\u00c3O DO CONSELHO DE ACOMPANHAMENTO DO CONTROLE SOCIAL DO FUNDO DE MANUTEN\u00c7\u00c3O DO DESENVOLVIMENTO DO ENSINO FUNDAMENTAL.","Categoria":"-"},{"N\u00famero":3661197,"Exerc\u00edcio":1997,"Data":"20\/11\/1997","Descri\u00e7\u00e3o":"CRIA O FUNDO MUNICIPAL DE EDUCA\u00c7\u00c3O.","Categoria":"-"},{"N\u00famero":3651197,"Exerc\u00edcio":1997,"Data":"19\/11\/1997","Descri\u00e7\u00e3o":"CRIA A TAXA DE ILUMINA\u00c7\u00c3O P\u00daBLICA","Categoria":"-"},{"N\u00famero":3641197,"Exerc\u00edcio":1997,"Data":"18\/11\/1997","Descri\u00e7\u00e3o":"AUTORIZA O PODER EXECUTIVO A FIRMAR ACORDO DE PARCELAMENTO-REPARCELAMENTO DE D\u00c9BITO PARA COM O FUNDO DE GARANTIA FGTS.","Categoria":"-"},{"N\u00famero":3631097,"Exerc\u00edcio":1997,"Data":"22\/10\/1997","Descri\u00e7\u00e3o":"DISP\u00d5E SOBRE A REORGANIZA\u00c7\u00c3O DO QUADRO EFETIVO DE PESSOAL DA PREFEITURA MUNICIPAL DE SANTANA DO ACARA\u00da.","Categoria":"-"},{"N\u00famero":3631097,"Exerc\u00edcio":1997,"Data":"22\/10\/1997","Descri\u00e7\u00e3o":"DISP\u00d5E SOBRE A REORGANIZA\u00c7\u00c3O DO QUADRO EFETIVO DE PESSOAL DA PREFEITURA MUNICIPAL DE SANTANA DO ACARA\u00da.","Categoria":"-"},{"N\u00famero":3621097,"Exerc\u00edcio":1997,"Data":"22\/10\/1997","Descri\u00e7\u00e3o":"INSTITUI O CONSELHO MUNICIPAL DO TRABALHO.","Categoria":"-"},{"N\u00famero":3610897,"Exerc\u00edcio":1997,"Data":"29\/08\/1997","Descri\u00e7\u00e3o":"DISP\u00d5E SOBRE A CRIA\u00c7\u00c3O DA SECRETARIA DE CULTURA E O DESPORTO.","Categoria":"-"},{"N\u00famero":3600897,"Exerc\u00edcio":1997,"Data":"29\/08\/1997","Descri\u00e7\u00e3o":"DISP\u00d5E SOBRE A ALTERA\u00c7\u00c3O DA REDA\u00c7\u00c3O DO PAR\u00c1GRAFO 1\u00b0 DO ARTIGO 2\u00b0 DA LEI 349 DE 20 DE MAR\u00c7O DE 1997.","Categoria":"-"},{"N\u00famero":3590897,"Exerc\u00edcio":1997,"Data":"29\/08\/1997","Descri\u00e7\u00e3o":"DISP\u00d5E SOBRE A POL\u00cdTICA MUNICIPAL DE APOIO \u00c0 BIBLIOTECA P\u00daBLICA DO MUNIC\u00cdPIO.","Categoria":"-"},{"N\u00famero":3580897,"Exerc\u00edcio":1997,"Data":"29\/08\/1997","Descri\u00e7\u00e3o":"DISP\u00d5E SOBRE AS DIRETRIZES OR\u00c7AMENT\u00c1RIAS PARA O EXERC\u00cdCIO DE 1998.","Categoria":"-"},{"N\u00famero":3570697,"Exerc\u00edcio":1997,"Data":"23\/06\/1997","Descri\u00e7\u00e3o":"FICA DENOMINADA DE RUA NONATO ARCANJO A RUA QUE D\u00c1 IN\u00cdCIO NA PRA\u00c7A DA LIBERDADE.","Categoria":"-"},{"N\u00famero":3560697,"Exerc\u00edcio":1997,"Data":"23\/06\/1997","Descri\u00e7\u00e3o":"CONCEDE O T\u00cdTULO DE CIDAD\u00c3O DE SANTANA DO ACARA\u00da AO SR. JOS\u00c9 LINHARES PONTE.","Categoria":"-"},{"N\u00famero":3550497,"Exerc\u00edcio":1997,"Data":"23\/04\/1997","Descri\u00e7\u00e3o":"CONCEDE O T\u00cdTULO DE CIDAD\u00c3O DE SANTANA DO ACARA\u00da AO SR. RAIMUNDO H\u00c9LIO LEITE.","Categoria":"-"},{"N\u00famero":3540497,"Exerc\u00edcio":1997,"Data":"23\/04\/1997","Descri\u00e7\u00e3o":"CRIA A COMISS\u00c3O COMUNIT\u00c1RIA S\u00c3O JOS\u00c9 E DE DESENVOLVIMENTO DA AGRICULTURA FAMILIAR.","Categoria":"-"},{"N\u00famero":3530497,"Exerc\u00edcio":1997,"Data":"23\/04\/1997","Descri\u00e7\u00e3o":"DISP\u00d5E SOBRE FIXA\u00c7\u00c3O DE PERCENTUAIS DOS ANEXOS I E II DA LEI MUNICIPAL 351-1997.","Categoria":"-"},{"N\u00famero":3520497,"Exerc\u00edcio":1997,"Data":"23\/04\/1997","Descri\u00e7\u00e3o":"DISP\u00d5E SOBRE A ESTRUTURA F\u00cdSICA DO ESCRIT\u00d3RIO DE APOIO \u00c0 PREFEITURA MUNICIPAL.","Categoria":"-"},{"N\u00famero":3510397,"Exerc\u00edcio":1997,"Data":"20\/03\/1997","Descri\u00e7\u00e3o":"DISP\u00d5E SOBRE CARGOS COMISSIONADOS.","Categoria":"-"},{"N\u00famero":3500397,"Exerc\u00edcio":1997,"Data":"20\/03\/1997","Descri\u00e7\u00e3o":"DISP\u00d5E SOBRE A REORGANIZA\u00c7\u00c3O ADMINISTRATIVA DA PREFEITURA MUNICIPAL DE SANTANA DO ACARA\u00da.","Categoria":"-"},{"N\u00famero":3490397,"Exerc\u00edcio":1997,"Data":"20\/03\/1997","Descri\u00e7\u00e3o":"DISP\u00d5E SOBRE CONTRATA\u00c7\u00c3O DO PESSOAL TEMPOR\u00c1RIO.","Categoria":"-"},{"N\u00famero":3481196,"Exerc\u00edcio":1996,"Data":"28\/11\/1996","Descri\u00e7\u00e3o":"ESTIMA A RECEITA E FIXA A DESPESA DO MUNIC\u00cdPIO PARA O EXERC\u00cdCIO DE 1997.","Categoria":"-"},{"N\u00famero":3471196,"Exerc\u00edcio":1996,"Data":"22\/11\/1996","Descri\u00e7\u00e3o":"DISP\u00d5E SOBRE AS DIRETRIZES OR\u00c7AMENT\u00c1RIAS PARA O ANO DE 1997.","Categoria":"-"},{"N\u00famero":3451196,"Exerc\u00edcio":1996,"Data":"22\/11\/1996","Descri\u00e7\u00e3o":"ALTERA A REDA\u00c7\u00c3O DO ARTIGO 3\u00b0 DA LEI MUNICIPAL N\u00b0 342 DE 27 DE DEZEMBRO DE 1995.","Categoria":"-"},{"N\u00famero":3440196,"Exerc\u00edcio":1996,"Data":"22\/01\/1996","Descri\u00e7\u00e3o":"FICA DENOMINADA A RUA SEBASTI\u00c3O ALVES CAVALCANTE, QUE FICA LOCALIZADA AO LADO ESQUERDO DA PRA\u00c7A DO RETIRO.","Categoria":"-"},{"N\u00famero":3430196,"Exerc\u00edcio":1996,"Data":"22\/01\/1996","Descri\u00e7\u00e3o":"FICA DENOMINADA A RUA \u00c1UREA ALBUQUERQUE DIAS, QUE FICA LOCALIZADA \u00c0 MARGEM DIREITA DA PRA\u00c7A DO RETIRO.","Categoria":"-"},{"N\u00famero":3421295,"Exerc\u00edcio":1995,"Data":"27\/12\/1995","Descri\u00e7\u00e3o":"CRIA O CONSELHO MUNICIPAL DE ASSIST\u00caNCIA SOCIAL \u2013 CMAS.","Categoria":"-"},{"N\u00famero":3411295,"Exerc\u00edcio":1995,"Data":"27\/12\/1995","Descri\u00e7\u00e3o":"CRIA O FUNDO MUNICIPAL DE ASSIST\u00caNCIA SOCIAL \u2013 CMAS.","Categoria":"-"},{"N\u00famero":3401295,"Exerc\u00edcio":1995,"Data":"12\/12\/1995","Descri\u00e7\u00e3o":"FICA DENOMINADA DE PRA\u00c7A MARIA ALA\u00cdDE DO ESP\u00cdRITO SANTO, QUE EST\u00c1 SENDO CONSTRU\u00cdDA NO BAIRRO JERIC\u00d3.","Categoria":"-"},{"N\u00famero":3391295,"Exerc\u00edcio":1995,"Data":"12\/12\/1995","Descri\u00e7\u00e3o":"FICA DENOMINADO BAIRRO GERARDO ARCANJO, QUE FICA LOCALIZADO ENTRE O BAIRRO MARAPAT\u00c1 E BAIRRO JERIC\u00d3.","Categoria":"-"},{"N\u00famero":3371195,"Exerc\u00edcio":1995,"Data":"20\/11\/1995","Descri\u00e7\u00e3o":"DISP\u00d5E SOBRE DIRETRIZES OR\u00c7AMENT\u00c1RIAS PARA O ANO DE 1996.","Categoria":"-"},{"N\u00famero":3361195,"Exerc\u00edcio":1995,"Data":"20\/11\/1995","Descri\u00e7\u00e3o":"C\u00d3DIGO DE POSTURA.","Categoria":"-"},{"N\u00famero":3351195,"Exerc\u00edcio":1995,"Data":"10\/11\/1995","Descri\u00e7\u00e3o":"DISP\u00d5E SOBRE A AUTORIZA\u00c7\u00c3O PARA ABERTURA DE CR\u00c9DITO ADICIONAL SUPLEMENTAR NO OR\u00c7AMENTO VIGENTE NO MUNIC\u00cdPIO.","Categoria":"-"},{"N\u00famero":3340995,"Exerc\u00edcio":1995,"Data":"29\/09\/1995","Descri\u00e7\u00e3o":"CONCEDE T\u00cdTULO DE CIDAD\u00c3O SANTANENSE AO DR. FRANCISCO TARCISIO CRUZ.","Categoria":"-"},{"N\u00famero":3330795,"Exerc\u00edcio":1995,"Data":"03\/07\/1995","Descri\u00e7\u00e3o":"AUTORIZA A PREFEITURA MUNICIPAL DE SANTANA A CELEBRAR CONV\u00caNIO COM O TRIBUNAL DE JUSTI\u00c7A DO ESTADO.","Categoria":"-"},{"N\u00famero":3320595,"Exerc\u00edcio":1995,"Data":"26\/05\/1995","Descri\u00e7\u00e3o":"DISP\u00d5E SOBRE ALIENA\u00c7\u00c3O DE A\u00c7\u00d5ES DA TELECEAR\u00c1 S\/A PETROBRAS DE DOM\u00cdNIO DA PREFEITURA.","Categoria":"-"},{"N\u00famero":3310595,"Exerc\u00edcio":1995,"Data":"26\/05\/1995","Descri\u00e7\u00e3o":"DISP\u00d5E SOBRE ALIENA\u00c7\u00c3O DE A\u00c7\u00d5ES DA COMPANHIA DE ELETRICIDADE DO CEAR\u00c1 - COELCE.","Categoria":"-"},{"N\u00famero":3300495,"Exerc\u00edcio":1995,"Data":"10\/04\/1995","Descri\u00e7\u00e3o":"TORNA DE UTILIDADE P\u00daBLICA A ASSOCIA\u00c7\u00c3O DO BAIRRO JO\u00c3O ALFREDO.","Categoria":"-"},{"N\u00famero":3290295,"Exerc\u00edcio":1995,"Data":"17\/02\/1995","Descri\u00e7\u00e3o":"ALTERA O ART. 1\u00b0 DA LEI MUNICIPAL N\u00b0 325 DE 27 DE DEZEMBRO DE 1994.","Categoria":"-"},{"N\u00famero":3280295,"Exerc\u00edcio":1995,"Data":"17\/02\/1995","Descri\u00e7\u00e3o":"DISP\u00d5E SOBRE A CONSTITUI\u00c7\u00c3O DO CONSELHO MUNICIPAL DE ALIMENTA\u00c7\u00c3O ESCOLAR E D\u00c1 OUTRAS PROVID\u00caNCIAS.","Categoria":"-"},{"N\u00famero":3270295,"Exerc\u00edcio":1995,"Data":"03\/02\/1995","Descri\u00e7\u00e3o":"DISP\u00d5E SOBRE A CONCESS\u00c3O DE AJUDA DE CUNTO E PAGAMENTO DE DI\u00c1RIAS A SERVIDORES P\u00daBLICOS MUNICIPAIS, EXTENSIVOS AOS SENHORES; PREFEITO, VICE-PREFEITO","Categoria":"-"},{"N\u00famero":3220594,"Exerc\u00edcio":1994,"Data":"05\/05\/1994","Descri\u00e7\u00e3o":"C\u00d3DIGO TRIBUT\u00c1RIO MUNICIPAL","Categoria":"-"},{"N\u00famero":3151194,"Exerc\u00edcio":1994,"Data":"22\/11\/1994","Descri\u00e7\u00e3o":"CONCEDE REAJUSTE DE SAL\u00c1RIOS DOS SERVIDORES P\u00daBLICOS MUNICIPAIS E CARGOS COMISSIONADOS.","Categoria":"-"},{"N\u00famero":3181293,"Exerc\u00edcio":1993,"Data":"27\/12\/1993","Descri\u00e7\u00e3o":"CONCEDE REAJUSTE DE SAL\u00c1RIOS DOS SERVIDORES P\u00daBLICOS MUNICIPAIS E CARGOS COMISSIONADOS.","Categoria":"-"},{"N\u00famero":3161193,"Exerc\u00edcio":1993,"Data":"29\/11\/1993","Descri\u00e7\u00e3o":"DISP\u00d5E SOBRE AS DIRETRIZES OR\u00c7AMENT\u00c1RIAS PARA O EXERC\u00cdCIO FINANCEIRO DE 1994 E SUBSEQUENTE E D\u00c1 OUTRAS PROVID\u00caNCIAS.","Categoria":"-"},{"N\u00famero":3140993,"Exerc\u00edcio":1993,"Data":"13\/09\/1993","Descri\u00e7\u00e3o":"CONCEDE REAJUSTE DE SAL\u00c1RIOS DOS SERVIDORES P\u00daBLICOS MUNICIPAIS E CARGOS COMISSIONADOS.","Categoria":"-"},{"N\u00famero":3130893,"Exerc\u00edcio":1993,"Data":"16\/08\/1993","Descri\u00e7\u00e3o":"CONCEDE REAJUSTE DE SAL\u00c1RIOS DOS SERVIDORES P\u00daBLICOS MUNICIPAIS E CARGOS COMISSIONADOS.","Categoria":"-"},{"N\u00famero":3120593,"Exerc\u00edcio":1993,"Data":"07\/05\/1993","Descri\u00e7\u00e3o":"REGULAMENTA O ART. 7\u00b0 DO ESTATUTO DO MAGIST\u00c9RIO E D\u00c1 OUTRAS PROVID\u00caNCIAS.","Categoria":"-"},{"N\u00famero":3110393,"Exerc\u00edcio":1993,"Data":"08\/03\/1993","Descri\u00e7\u00e3o":"DISP\u00d5E SOBRE REGIME DE SUPRIMENTO DE FUNDOS E D\u00c1 OUTRAS PROVID\u00caNCIAS.","Categoria":"-"},{"N\u00famero":3100393,"Exerc\u00edcio":1993,"Data":"08\/03\/1993","Descri\u00e7\u00e3o":"CONCEDE REAJUSTE DE SAL\u00c1RIOS DOS SERVIDORES P\u00daBLICOS MUNICIPAIS E CARGOS COMISSIONADOS.","Categoria":"-"},{"N\u00famero":3090293,"Exerc\u00edcio":1993,"Data":"20\/02\/1993","Descri\u00e7\u00e3o":"AUTORIZA O PODE EXECUTIVO A CONTRATAR PARCELAMENTO DE D\u00cdVIDAS PARA COM O FUNDO DE GARANTIA DO TEMPO DE SERVI\u00c7O","Categoria":"-"},{"N\u00famero":302121992,"Exerc\u00edcio":1992,"Data":"30\/12\/1992","Descri\u00e7\u00e3o":"CRIA NA ESTRUTURA ORGANIZACIONAL DO PODER EXECUTIVO DE SANTANA DO ACARA\u00da \u2013 O GABINETE DO VICE-PREFEITO.","Categoria":"-"},{"N\u00famero":3081292,"Exerc\u00edcio":1992,"Data":"02\/12\/1992","Descri\u00e7\u00e3o":"FICAM DENOMINADAS AS RUAS DO DISTRITO DE MUTAMBEIRAS.","Categoria":"-"},{"N\u00famero":3071292,"Exerc\u00edcio":1992,"Data":"02\/12\/1992","Descri\u00e7\u00e3o":"FICAM DENOMINADAS AS RUAS DO DISTRITO DE PARAPU\u00cd.","Categoria":"-"},{"N\u00famero":3061292,"Exerc\u00edcio":1992,"Data":"02\/12\/1992","Descri\u00e7\u00e3o":"FICA DENOMINADA DE RUA FIRMINO MATIAS DOS SANTOS A RUA SITUADA DO LADO NORTE DA PRA\u00c7A DA LIBERDADE.","Categoria":"-"},{"N\u00famero":3051292,"Exerc\u00edcio":1992,"Data":"02\/12\/1992","Descri\u00e7\u00e3o":"FICAM DENOMINADAS AS RUAS DO DISTRITO DE SAP\u00d3.","Categoria":"-"},{"N\u00famero":3041292,"Exerc\u00edcio":1992,"Data":"02\/12\/1992","Descri\u00e7\u00e3o":"DISP\u00d5E SOBRE CONCESS\u00c3O DE T\u00cdTULO DE CIDAD\u00c3O SANTANENSE.","Categoria":"-"},{"N\u00famero":3031292,"Exerc\u00edcio":1992,"Data":"02\/12\/1992","Descri\u00e7\u00e3o":"DENOMINA A RUA MARIA DOURADA BRAZ NA PRA\u00c7A DA LIBERDADE.","Categoria":"-"},{"N\u00famero":3011292,"Exerc\u00edcio":1992,"Data":"30\/12\/1992","Descri\u00e7\u00e3o":"CRIA NA ESTRUTURA ORGANIZACIONAL DO PODER EXECUTIVO DE SANTANA DO ACARA\u00da \u2013 O GABINETE DO VICE-PREFEITO.","Categoria":"-"},{"N\u00famero":3001292,"Exerc\u00edcio":1992,"Data":"30\/12\/1992","Descri\u00e7\u00e3o":"CRIA O GRANDE CONSELHO COMUNIT\u00c1RIO DO MUNIC\u00cdPIO DE SANTANA DO ACARA\u00da.","Categoria":"-"},{"N\u00famero":2991292,"Exerc\u00edcio":1992,"Data":"01\/12\/1992","Descri\u00e7\u00e3o":"DISP\u00d5E SOBRE A CONTAGEM DO TEMPO DE SERVI\u00c7O DO SERVIDOR P\u00daBLICO MUNICIPAL.","Categoria":"-"},{"N\u00famero":2971192,"Exerc\u00edcio":1992,"Data":"13\/11\/1992","Descri\u00e7\u00e3o":"DISP\u00d5E SOBRE AS DIRETRIZES OR\u00c7AMENT\u00c1RIAS PARA O EXERC\u00cdCIO FINANCEIRO DE 1993.","Categoria":"-"},{"N\u00famero":2961192,"Exerc\u00edcio":1992,"Data":"13\/11\/1992","Descri\u00e7\u00e3o":"CONCEDE REAJUSTE DE SAL\u00c1RIOS DOS SERVIDORES P\u00daBLICOS MUNICIPAIS.","Categoria":"-"},{"N\u00famero":2950692,"Exerc\u00edcio":1992,"Data":"30\/06\/1992","Descri\u00e7\u00e3o":"TORNA DE UTILIDADE P\u00daBLICA MUNICIPAL UNISA \u2013 UNI\u00c3O DOS UNIVERSIT\u00c1RIOS DE SANTANA DO ACARA\u00da.","Categoria":"-"},{"N\u00famero":2940692,"Exerc\u00edcio":1992,"Data":"30\/06\/1992","Descri\u00e7\u00e3o":"INSTITUI O REGIME JUR\u00cdDICO \u00daNICO PARA OS SERVIDORES DA PREFEITURA MUNICIPAL DE SANTANA DO ACARA\u00da.","Categoria":"-"},{"N\u00famero":2930692,"Exerc\u00edcio":1992,"Data":"30\/06\/1992","Descri\u00e7\u00e3o":"CONCEDE REAJUSTE DE SAL\u00c1RIOS DOS SERVIDORES MUNICIPAIS.","Categoria":"-"},{"N\u00famero":2920692,"Exerc\u00edcio":1992,"Data":"30\/06\/1992","Descri\u00e7\u00e3o":"REVOGA A LEI MUNICIPAL N\u00b0 264 DE 15 DE MAR\u00c7O DE 1991 QUE TORNA DE UTILIDADE P\u00daBLICA A FUNDA\u00c7\u00c3O ALDENY FARIAS.","Categoria":"-"},{"N\u00famero":2910692,"Exerc\u00edcio":1992,"Data":"22\/06\/1992","Descri\u00e7\u00e3o":"AUTORIZA O CHEFE DO EXECUTIVO MUNICIPAL A ALIENAR OU LEIDARBENS M\u00d3VEIS DE PROPRIEDADE DA PREFEITURA DE SANTANA DO ACARA\u00da","Categoria":"-"},{"N\u00famero":2900692,"Exerc\u00edcio":1992,"Data":"13\/06\/1992","Descri\u00e7\u00e3o":"TORNA DE UTILIDADE P\u00daBLICA A ASSOCIA\u00c7\u00c3O COMUNIT\u00c1RIA DOS ARTES\u00c3OS SANTANENSES.","Categoria":"-"},{"N\u00famero":2890692,"Exerc\u00edcio":1992,"Data":"13\/06\/1992","Descri\u00e7\u00e3o":"TORNA DE UTILIDADE P\u00daBLICA A ASSOCIA\u00c7\u00c3O DE PROTE\u00c7\u00c3O \u00c0 MATERNIDADE E \u00c0 INF\u00c2NCIA","Categoria":"-"},{"N\u00famero":2880492,"Exerc\u00edcio":1992,"Data":"24\/04\/1992","Descri\u00e7\u00e3o":"AUTORIZA O PODER EXECUTIVO A FIRMAR ACORDO DE PARCELAMENTO DE D\u00cdVIDAS PARA COM O INSTITUTO NACIONAL DO SEGURO SOCIAL-INSS","Categoria":"-"},{"N\u00famero":2870392,"Exerc\u00edcio":1992,"Data":"17\/03\/1992","Descri\u00e7\u00e3o":"DISP\u00d5E SOBRE ALTERA\u00c7\u00c3O DA LEI N\u00b0 271 DE 14 DE JUNHO DE 1991","Categoria":"-"},{"N\u00famero":2860392,"Exerc\u00edcio":1992,"Data":"25\/03\/1992","Descri\u00e7\u00e3o":"DISP\u00d5E SOBRE SAL\u00c1RIOS, CARGOS COMISSIONADOS E FUN\u00c7\u00d5ES GRATIFICADAS","Categoria":"-"},{"N\u00famero":2850192,"Exerc\u00edcio":1992,"Data":"15\/01\/1992","Descri\u00e7\u00e3o":"DISP\u00d5E SOBRE A REVOGA\u00c7\u00c3O DA LEI N\u00b0 249 DE 30 DE JUNHO DE 1989","Categoria":"-"},{"N\u00famero":2841291,"Exerc\u00edcio":1991,"Data":"05\/12\/1991","Descri\u00e7\u00e3o":"AUTORIZA O CHEFE DO PODER EXECUTIVO MUNICIPAL A FAZER PERMUTA DE UM \u00d4NIBUS DE PROPRIEDADE DA PREFEITURA MUNICIPAL","Categoria":"-"},{"N\u00famero":2831291,"Exerc\u00edcio":1991,"Data":"05\/12\/1991","Descri\u00e7\u00e3o":"AUTORIZA O CHEFE DO PODER EXECUTIVO MUNICIPAL A FAZER A DOA\u00c7\u00c3O DE UM TERRENO A ASSOCIA\u00c7\u00c3O BENEFICENTE CEARENSE DE REABILITA\u00c7\u00c3O- ABCR","Categoria":"-"},{"N\u00famero":2811191,"Exerc\u00edcio":1991,"Data":"08\/11\/1991","Descri\u00e7\u00e3o":"DISP\u00d5E DE FORMA SUPLEMENTAR A LEI MUNICIPAL N\u00b0 259 DE 22 DE NOVEMBRO DE 1990 SOBRE DIRETRIZES ORNAMENT\u00c1RIAS","Categoria":"-"},{"N\u00famero":2801091,"Exerc\u00edcio":1991,"Data":"10\/10\/1991","Descri\u00e7\u00e3o":"ALTERA O ARTIGO 4\u00b0 DA LEI N\u00b0 261 DE 12 DE DEZEMBRO DE 1991","Categoria":"-"},{"N\u00famero":2790991,"Exerc\u00edcio":1991,"Data":"23\/09\/1991","Descri\u00e7\u00e3o":"AUTORIZA O CHEFE DO PODER EXECUTIVO MUNICIPAL A FAZER A VENDA E ALGUMAS DOA\u00c7\u00d5ES QUE SE FIZERAM NECESS\u00c1RIAS DE 188 LOTES DE TERRENOS DE PROPRIEDADE DA PREFEITURA","Categoria":"-"},{"N\u00famero":2780991,"Exerc\u00edcio":1991,"Data":"23\/09\/1991","Descri\u00e7\u00e3o":"DISP\u00d5E SOBRE CONCESS\u00c3O DE T\u00cdTULO DE CIDAD\u00c3O SANTANENSE","Categoria":"-"},{"N\u00famero":2770991,"Exerc\u00edcio":1991,"Data":"10\/09\/1991","Descri\u00e7\u00e3o":"APROVA O ESTATUTO DO MAGIST\u00c9RIO DO MUNIC\u00cdPIO DE SANTANA DO ACARA\u00da","Categoria":"-"},{"N\u00famero":2760891,"Exerc\u00edcio":1991,"Data":"12\/08\/1991","Descri\u00e7\u00e3o":"CONCEDE REAJUSTE SALARIAL AOS SERVIDORES DA PMSA","Categoria":"-"},{"N\u00famero":2750791,"Exerc\u00edcio":1991,"Data":"15\/07\/1991","Descri\u00e7\u00e3o":"CONCEDE REAJUSTE SALARIAL AOS SERVIDORES DA PMSA","Categoria":"-"},{"N\u00famero":2740691,"Exerc\u00edcio":1991,"Data":"25\/06\/1991","Descri\u00e7\u00e3o":"DISP\u00d5E SOBRE CONCESS\u00c3O DE T\u00cdTULO DE CIDAD\u00c3 SANTANENSE DRA. MARIA DE F\u00c1TIMA CORREIA CASTRO","Categoria":"-"},{"N\u00famero":2730591,"Exerc\u00edcio":1991,"Data":"20\/05\/1991","Descri\u00e7\u00e3o":"CORRIGE O OR\u00c7AMENTO PARA O ANO DE 1991 NA PREVIS\u00c3O DA RECEITA","Categoria":"-"},{"N\u00famero":2720591,"Exerc\u00edcio":1991,"Data":"20\/05\/1991","Descri\u00e7\u00e3o":"DESVINCULA A REMUNERA\u00c7\u00c3O DO PREFEITO, A REMUNERA\u00c7\u00c3O DOS CARGOS COMISSIONADOS E FUN\u00c7\u00d5ES GRATIFICADAS","Categoria":"-"},{"N\u00famero":2710591,"Exerc\u00edcio":1991,"Data":"14\/05\/1991","Descri\u00e7\u00e3o":"REGULAMENTA O CONSELHO MUNICIPAL DOS DIREITOS DA CRIAN\u00c7A E DO ADOLESCENTE CRIADO PELO ART.192 DA LEI ORG\u00c2NICA DO MUNIC\u00cdPIO","Categoria":"-"},{"N\u00famero":2700691,"Exerc\u00edcio":1991,"Data":"05\/06\/1991","Descri\u00e7\u00e3o":"DISP\u00d5E SOBRE CONCESS\u00c3O DE T\u00cdTULO DE CIDAD\u00c3O SANTANENSE","Categoria":"-"},{"N\u00famero":2690591,"Exerc\u00edcio":1991,"Data":"15\/05\/1991","Descri\u00e7\u00e3o":"ATUALIZA A REMUNERA\u00c7\u00c3O DO PREFEITO MUNICIPAL E VICE-PREFEITO","Categoria":"-"},{"N\u00famero":2680491,"Exerc\u00edcio":1991,"Data":"29\/04\/1991","Descri\u00e7\u00e3o":"ALTERA O ARTIGO 5\u00b0 DA LEI MUNICIPAL 249 DE 30 DE JUNHO DE 1989","Categoria":"-"},{"N\u00famero":2660491,"Exerc\u00edcio":1991,"Data":"15\/04\/1991","Descri\u00e7\u00e3o":"DEFINE OS LIMITES INTERDISTRITAIS DO MUNIC\u00cdPIO DE SANTANA DO ACARA\u00da","Categoria":"-"},{"N\u00famero":2650491,"Exerc\u00edcio":1991,"Data":"10\/04\/1991","Descri\u00e7\u00e3o":"DISP\u00d5E SOBRE CONCESS\u00d5ES DE T\u00cdTULO CIDAD\u00c3O SANTANENSE GUIDO GOMES, C\u00cdCERO SARAIVA, MARIA NOGUEIRA E JOS\u00c9 SANDOVAL","Categoria":"-"},{"N\u00famero":2640391,"Exerc\u00edcio":1991,"Data":"15\/03\/1991","Descri\u00e7\u00e3o":"TORNA DE UTILIDADE P\u00daBLICA A FUNDA\u00c7\u00c3O ALDENY FARIAS","Categoria":"-"},{"N\u00famero":2630191,"Exerc\u00edcio":1991,"Data":"28\/01\/1991","Descri\u00e7\u00e3o":"REESTRUTURA QUADRO DE PESSOAL, RECLASSIFICA OS CARGOS E SAL\u00c1RIOS E DISP\u00d5E SOBRE OS CARGOS COMISSIONADOS E FUN\u00c7\u00d5ES GRATIFICADAS.","Categoria":"-"},{"N\u00famero":2620191,"Exerc\u00edcio":1991,"Data":"14\/01\/1991","Descri\u00e7\u00e3o":"AUTORIZA O CHEFE DO PODER EXECUTIVO MUNICIPAL A FAZER A DOA\u00c7\u00c3O DE UM TERRENO \u00c0 SECRETARIA DA FAZENDA DO ESTADO DO CEAR\u00c1","Categoria":"-"},{"N\u00famero":2611290,"Exerc\u00edcio":1990,"Data":"21\/12\/1990","Descri\u00e7\u00e3o":"DISP\u00d5E SOBRE A CRIA\u00c7\u00c3O DO CONSELHO MUNICIPAL DE SA\u00daDE DE SANTANA DO ACARA\u00da","Categoria":"-"},{"N\u00famero":2601290,"Exerc\u00edcio":1990,"Data":"21\/12\/1990","Descri\u00e7\u00e3o":"INSTITUI O FUNDO MUNICIPAL DE SA\u00daDE","Categoria":"-"},{"N\u00famero":2591190,"Exerc\u00edcio":1990,"Data":"22\/11\/1990","Descri\u00e7\u00e3o":"DISP\u00d5E SOBRE AS DIRETRIZES OR\u00c7AMENT\u00c1RIAS","Categoria":"-"},{"N\u00famero":2581290,"Exerc\u00edcio":1990,"Data":"21\/12\/1990","Descri\u00e7\u00e3o":"ESTIMA A RECEITA E FIXA A DESPESA DO MUNIC\u00cdPIO PARA O EXERC\u00cdCIO FINANCEIRO DE 1991","Categoria":"-"},{"N\u00famero":2570490,"Exerc\u00edcio":1990,"Data":"30\/04\/1990","Descri\u00e7\u00e3o":"DISP\u00d5E SOBRE O AUMENTO DO FUNCIONALISMO P\u00daBLICO MUNICIPAL","Categoria":"-"},{"N\u00famero":2560290,"Exerc\u00edcio":1990,"Data":"02\/02\/1990","Descri\u00e7\u00e3o":"AUTORIZA O CHEFE DO PODER EXECUTIVO MUNICIPAL A FAZER DOA\u00c7\u00c3O \u00c0 TELECOMUNICA\u00c7\u00d5ES DO CEAR\u00c1 S.A. \u2013 TELECEAR\u00c1","Categoria":"-"},{"N\u00famero":2550290,"Exerc\u00edcio":1990,"Data":"02\/02\/1990","Descri\u00e7\u00e3o":"FIXA A REMUNERA\u00c7\u00c3O DO PREFEITO E VICE-PREFEITO E A REPRESENTA\u00c7\u00c3O DO PRESIDENTE DA C\u00c2MARA","Categoria":"-"},{"N\u00famero":2540290,"Exerc\u00edcio":1990,"Data":"02\/02\/1990","Descri\u00e7\u00e3o":"AUTORIZA O CHEFE DO PODER EXECUTIVO MUNICIPAL A PROCEDER CONCESS\u00c3O DE ASSIST\u00caNCIA SOCIAL A PESSOAS CARENTES DESTE MUNIC\u00cdPIO","Categoria":"-"},{"N\u00famero":2530290,"Exerc\u00edcio":1990,"Data":"02\/02\/1990","Descri\u00e7\u00e3o":"DISP\u00d5E SOBRE AUMENTO DO FUNCIONALISMO P\u00daBLICO MUNICIPAL","Categoria":"-"},{"N\u00famero":2521089,"Exerc\u00edcio":1989,"Data":"13\/10\/1989","Descri\u00e7\u00e3o":"DISP\u00d5ES SOBRE AUMENTO DO FUNCIONALISMO P\u00daBLICO MUNICIPAL","Categoria":"-"},{"N\u00famero":2510689,"Exerc\u00edcio":1989,"Data":"13\/10\/1989","Descri\u00e7\u00e3o":"DISP\u00d5E SOBRE CARGOS COMISSIONADOS E FUN\u00c7\u00d5ES GRATIFICADAS","Categoria":"-"},{"N\u00famero":2500689,"Exerc\u00edcio":1989,"Data":"30\/06\/1989","Descri\u00e7\u00e3o":"AUTORIZA O PODER EXECUTIVO MUNICIPAL A FIRMAR CONV\u00caNIOS","Categoria":"-"},{"N\u00famero":2490689,"Exerc\u00edcio":1989,"Data":"30\/06\/1989","Descri\u00e7\u00e3o":"CRIA A TAXA DE ILUMINA\u00c7\u00c3O P\u00daBLICA","Categoria":"-"},{"N\u00famero":2480689,"Exerc\u00edcio":1989,"Data":"30\/06\/1989","Descri\u00e7\u00e3o":"INSTITUI O IMPOSTO SOBRE VENDA DE COMBUST\u00cdVEL L\u00cdQUIDOS E GASOSOS A VEREJO","Categoria":"-"},{"N\u00famero":2470689,"Exerc\u00edcio":1989,"Data":"30\/06\/1989","Descri\u00e7\u00e3o":"AUTORIZA A PREFEITURA MUNICIPAL A CELEBRAR CONV\u00caNIO COM A SECRETARIA DE EDUCA\u00c7\u00c2O DO ESTADO DO CEAR\u00c1","Categoria":"-"},{"N\u00famero":2460689,"Exerc\u00edcio":1989,"Data":"30\/06\/1989","Descri\u00e7\u00e3o":"REESTRUTURA O QUADRO PESSOAL COM EXTIN\u00c7\u00c3O TRANSFORMA\u00c7\u00c3O E CRIA\u00c7\u00c3O DE CARGOS\r\nReestrutura o Quadro Pessoal com Extin\u00e7\u00e3o Transforma\u00e7\u00e3o e Cria\u00e7\u00e3o de Cargos","Categoria":"-"},{"N\u00famero":2450689,"Exerc\u00edcio":1989,"Data":"30\/06\/1989","Descri\u00e7\u00e3o":"DISP\u00d5E SOBRE CARGOS COMISSIONADOS E FUN\u00c7AO GRATIFICADAS","Categoria":"-"},{"N\u00famero":2440689,"Exerc\u00edcio":1989,"Data":"30\/06\/1989","Descri\u00e7\u00e3o":"DISP\u00d5E SOBRE A ORGANIZA\u00c7\u00c3O ADMINISTATIVA DA PREFEITURA MUNICIPAL","Categoria":"-"},{"N\u00famero":2430689,"Exerc\u00edcio":1989,"Data":"13\/10\/1989","Descri\u00e7\u00e3o":"INSTITUI O IMPOSTO SOBRE TRANSMISS\u00c3O DE BENS IM\u00d3VEIS","Categoria":"-"}]